{"id":107,"date":"2018-09-19T07:50:00","date_gmt":"2018-09-19T07:50:00","guid":{"rendered":"https:\/\/blogsaverroes.juntadeandalucia.es\/paulinopalma\/2018\/09\/19\/cest-la-rentree-scolaire\/"},"modified":"2018-09-19T07:50:00","modified_gmt":"2018-09-19T07:50:00","slug":"cest-la-rentree-scolaire","status":"publish","type":"post","link":"https:\/\/blogsaverroes.juntadeandalucia.es\/paulinopalma\/cest-la-rentree-scolaire\/","title":{"rendered":"C\u00b4est la rentr\u00e9e scolaire."},"content":{"rendered":"<div style=\"clear: both;text-align: center\"><a href=\"https:\/\/2.bp.blogspot.com\/-yiAHVkbIm5E\/Wb7Bl8PMFCI\/AAAAAAAACko\/i09X9_mzmo4msUZJdwCUdH0Kq5Ee8LiZgCLcBGAs\/s1600\/rentree-scolaire.jpg\" style=\"margin-left: 1em;margin-right: 1em\"><img fetchpriority=\"high\" decoding=\"async\" border=\"0\" data-original-height=\"412\" data-original-width=\"800\" height=\"328\" src=\"https:\/\/2.bp.blogspot.com\/-yiAHVkbIm5E\/Wb7Bl8PMFCI\/AAAAAAAACko\/i09X9_mzmo4msUZJdwCUdH0Kq5Ee8LiZgCLcBGAs\/s640\/rentree-scolaire.jpg\" width=\"640\" \/><\/a><\/div>\n<div style=\"text-align: justify\"><span style=\", sans-serif;font-size: large\">Votre professeur d\u00b4Arts Plastiques  vous souhaite une tr\u00e8s bonne ann\u00e9e scolaire. Voici tout le mat\u00e9riel n\u00e9cessaire que vous devez apporter \u00e0 chaque s\u00e9ance pour suivre les cours.<\/span><\/div>\n<div style=\"text-align: center\">\n<div style=\"text-align: justify\"><\/div>\n<\/div>\n<div style=\"text-align: center\">\n<div style=\"text-align: justify\"><iframe frameborder=\"0\" height=\"485\" marginheight=\"0\" marginwidth=\"0\" scrolling=\"no\" src=\"\/\/www.slideshare.net\/slideshow\/embed_code\/key\/oHz0uWGBp7Q0ZE\" width=\"595\"> <\/iframe><\/div>\n<\/div>\n","protected":false},"excerpt":{"rendered":"<p>Votre professeur d\u00b4Arts Plastiques vous souhaite une tr\u00e8s bonne ann\u00e9e scolaire. Voici tout le mat\u00e9riel n\u00e9cessaire que vous devez apporter \u00e0 chaque s\u00e9ance pour suivre les cours.<\/p>\n","protected":false},"author":16494,"featured_media":0,"comment_status":"open","ping_status":"open","sticky":false,"template":"","format":"standard","meta":{"ngg_post_thumbnail":0,"footnotes":""},"categories":[1],"tags":[],"aioseo_notices":[],"_links":{"self":[{"href":"https:\/\/blogsaverroes.juntadeandalucia.es\/paulinopalma\/wp-json\/wp\/v2\/posts\/107"}],"collection":[{"href":"https:\/\/blogsaverroes.juntadeandalucia.es\/paulinopalma\/wp-json\/wp\/v2\/posts"}],"about":[{"href":"https:\/\/blogsaverroes.juntadeandalucia.es\/paulinopalma\/wp-json\/wp\/v2\/types\/post"}],"author":[{"embeddable":true,"href":"https:\/\/blogsaverroes.juntadeandalucia.es\/paulinopalma\/wp-json\/wp\/v2\/users\/16494"}],"replies":[{"embeddable":true,"href":"https:\/\/blogsaverroes.juntadeandalucia.es\/paulinopalma\/wp-json\/wp\/v2\/comments?post=107"}],"version-history":[{"count":0,"href":"https:\/\/blogsaverroes.juntadeandalucia.es\/paulinopalma\/wp-json\/wp\/v2\/posts\/107\/revisions"}],"wp:attachment":[{"href":"https:\/\/blogsaverroes.juntadeandalucia.es\/paulinopalma\/wp-json\/wp\/v2\/media?parent=107"}],"wp:term":[{"taxonomy":"category","embeddable":true,"href":"https:\/\/blogsaverroes.juntadeandalucia.es\/paulinopalma\/wp-json\/wp\/v2\/categories?post=107"},{"taxonomy":"post_tag","embeddable":true,"href":"https:\/\/blogsaverroes.juntadeandalucia.es\/paulinopalma\/wp-json\/wp\/v2\/tags?post=107"}],"curies":[{"name":"wp","href":"https:\/\/api.w.org\/{rel}","templated":true}]}}