{"id":142,"date":"2017-11-06T10:25:00","date_gmt":"2017-11-06T10:25:00","guid":{"rendered":"https:\/\/blogsaverroes.juntadeandalucia.es\/paulinopalma\/2017\/11\/06\/25-de-noviembre\/"},"modified":"2017-11-06T10:25:00","modified_gmt":"2017-11-06T10:25:00","slug":"25-de-noviembre","status":"publish","type":"post","link":"https:\/\/blogsaverroes.juntadeandalucia.es\/paulinopalma\/25-de-noviembre\/","title":{"rendered":"25 DE NOVIEMBRE."},"content":{"rendered":"<div style=\"text-align: justify\"><span style=\", sans-serif\">Un a\u00f1o m\u00e1s, los alumnos de la E.S.O. de nuestro centro participar\u00e1n en el Concurso de carteles que organiza la Delegaci\u00f3n de la mujer del Ayuntamiento de Estepona contra la violencia de g\u00e9nero. En este <b><a href=\"https:\/\/drive.google.com\/file\/d\/0B-4XmMZh4rgZbXFlY1BRVmtlMXRudldMR0xkelJXd0lnLXB3\/view?usp=sharing\">ENLACE<\/a><\/b>&nbsp;pod\u00e9is consultar las bases<b>. La fecha tope de entrega ser\u00e1 el jueves, 16 de noviembre, hasta 6\u00aa hora.<\/b><\/span><\/p>\n<ul>\n<li><b style=\"font-family: arial, helvetica, sans-serif\">El formato, puede ser desde tama\u00f1o folio hasta cartulina grande (Yo os recomiendo tama\u00f1o cartulina).<\/b><\/li>\n<li><b style=\"font-family: arial, helvetica, sans-serif\">La t\u00e9cnica es libre <\/b><span style=\", sans-serif\">(escoged una t\u00e9cnica que domin\u00e9is bien), pintura, collage, etc<\/span><b style=\"font-family: arial, helvetica, sans-serif\">.<\/b><\/li>\n<li><b style=\"font-family: arial, helvetica, sans-serif\">En nombre o los nombres de los participantes, grupo e instituto, en el reverso del cartel.<\/b><\/li>\n<li><b style=\"font-family: arial, helvetica, sans-serif\">El Lema, MUY IMPORTANTE. <\/b><span style=\", sans-serif\">Cada trabajo debe llevar un lema o esl\u00f3gan contra la violencia de g\u00e9nero. Conviene que sea corto, y evitad los muy utilizados (\u00abno a la violencia de g\u00e9nero\u00bb etc).<\/span><\/li>\n<li><span style=\", sans-serif\"><b>La explicaci\u00f3n del cartel, MUY IMPORTANTE TAMBI\u00c9N<\/b>. Cada trabajo debe ir acompa\u00f1ado de un sobre que contenga en un folio con un texto que explique lo que hab\u00e9is pretendido representar.<\/span><\/li>\n<\/ul>\n<p><span style=\", sans-serif\"><span style=\", sans-serif\">En el siguiente v\u00eddeo pod\u00e9is ver el acto de entrega de los carteles p<span style=\", sans-serif\">remiados del curso pasado. Tambi\u00e9n <\/span><\/span><\/span><span style=\", sans-serif\"><span style=\", sans-serif\"><span style=\", sans-serif\"><span style=\", sans-serif\"><span style=\", sans-serif\">p<\/span>od\u00e9is consultar este <a href=\"http:\/\/gaviotapapel.blogspot.com.es\/2015\/11\/dia-internacional-contra-la-violencia.html\"><b>enlace<\/b><\/a> lo publicado el a\u00f1o pasado en la revista del instituto \u00bb La gaviota de papel\u00bb sobre el tema.<\/span><\/span><\/span><\/span><\/div>\n<p><iframe frameborder=\"0\" height=\"315\" src=\"https:\/\/www.youtube.com\/embed\/WyjzcHLwDsE\" width=\"560\"><\/iframe><\/p>\n<div style=\"text-align: justify\"><span style=\", sans-serif\">Pero antes de empezar, tenemos que tener en cuenta una serie consejos para elaborar un buen cartel. <span style=\"font-family: serif\">P<\/span>ara eso pod\u00e9is consultar la siguiente presentaci\u00f3n elaborada por una profesora estupenda que lo explica a la perfecci\u00f3n.<span style=\", sans-serif\">&nbsp;<\/span><\/span><\/div>\n<p><span style=\", sans-serif\"> <\/span> <span style=\", sans-serif\"><br \/><iframe frameborder=\"0\" height=\"485\" marginheight=\"0\" marginwidth=\"0\" scrolling=\"no\" src=\"\/\/www.slideshare.net\/slideshow\/embed_code\/key\/5lXI0uNIjFrI2m\" width=\"595\"> <\/iframe> <\/span><\/p>\n<div style=\"margin-bottom: 5px\"><span style=\", sans-serif\"><b> <a href=\"https:\/\/www.slideshare.net\/inmita1\/orientaciones-para-hacer-un-cartel\" target=\"_blank\" title=\"Orientaciones para hacer un cartel\" rel=\"noopener noreferrer\">Orientaciones para hacer un cartel<\/a> <\/b> de <b><a href=\"https:\/\/www.slideshare.net\/inmita1\" target=\"_blank\" rel=\"noopener noreferrer\">Inma Contreras<\/a><\/b> <\/span><\/div>\n<p><\/p>\n<div style=\"text-align: justify\"><span style=\", sans-serif\">A continuaci\u00f3n os dejo otra presentaci\u00f3n de carteles presentados en convocatorias anteriores<span style=\", sans-serif\"> por al<span style=\", sans-serif\">umnos del IES Mediterr\u00e1neo.<\/span><\/span><\/span><\/div>\n<div style=\"text-align: justify\"><\/div>\n<div style=\"text-align: justify\"><\/div>\n<p><iframe frameborder=\"0\" height=\"485\" marginheight=\"0\" marginwidth=\"0\" scrolling=\"no\" src=\"\/\/www.slideshare.net\/slideshow\/embed_code\/key\/4Ci7d0NS8L3JBD\" width=\"595\"> <\/iframe> <\/p>\n<div style=\"margin-bottom: 5px\"><b> <a href=\"https:\/\/www.slideshare.net\/paulinopalma\/carteles-25-noviembre1\" target=\"_blank\" title=\"Carteles 25 noviembre1\" rel=\"noopener noreferrer\">Carteles 25 noviembre1<\/a> <\/b> de <b><a href=\"https:\/\/www.slideshare.net\/paulinopalma\" target=\"_blank\" rel=\"noopener noreferrer\">paulinopalma<\/a><\/b> <br \/><span style=\", sans-serif;text-align: justify\"><br \/><\/span><\/p>\n<div style=\"text-align: justify\"><span style=\", sans-serif\">El curso pasado dos de nuestras alumnas de 2\u00ba de la ESO obtuvieron el primer premio del certamen. Las ganadoras fueron <b>Laura del Cid y Marta V\u00edctor<\/b>, dos chicas adolescentes que ha supieron plasmar a la perfecci\u00f3n situaciones de violencia psicol\u00f3gica en redes sociales y que se viven de manera casi normal entre los m\u00e1s j\u00f3venes, y no tan j\u00f3venes. Para ver los carteles que se presentaron el curso pasado,<b><a href=\"https:\/\/www.flickr.com\/photos\/institutomediterraneo\/albums\/72157677309407132\"> pincha aqu\u00ed.<\/a><\/b><\/span><\/div>\n<p><a href=\"https:\/\/2.bp.blogspot.com\/-1D1LSpebcPU\/WDh92NBH14I\/AAAAAAAABTQ\/KcIIuP8CvUgcCnttZdf77V-yGFZS3tOFgCLcB\/s1600\/2016-11-25%2B13.50.30.jpg\" style=\"clear: right;float: right;margin-bottom: 1em;margin-left: 1em\"><img fetchpriority=\"high\" decoding=\"async\" border=\"0\" height=\"480\" src=\"https:\/\/2.bp.blogspot.com\/-1D1LSpebcPU\/WDh92NBH14I\/AAAAAAAABTQ\/KcIIuP8CvUgcCnttZdf77V-yGFZS3tOFgCLcB\/s640\/2016-11-25%2B13.50.30.jpg\" width=\"640\" \/><\/a><span style=\", sans-serif\"><\/span><\/p>\n<div style=\"text-align: justify\"><\/div>\n<div style=\"text-align: justify\"><\/div>\n<div style=\"clear: both;text-align: center\"><span style=\", sans-serif;font-size: x-large\">\u00a1Enhorabuena a las ganadoras!<\/span><\/div>\n<div style=\"clear: both;text-align: center\"><a href=\"https:\/\/2.bp.blogspot.com\/-mpLjCtyvUig\/WDh-vExBqgI\/AAAAAAAABTY\/DGIE3rt0Yx4bsAuZo-H4i1LN7ty9ptSdACLcB\/s1600\/2016-11-18%2B10.06.57%2Bcopia.jpg\" style=\"clear: left;float: left;margin-bottom: 1em;margin-right: 1em\"><img decoding=\"async\" border=\"0\" height=\"480\" src=\"https:\/\/2.bp.blogspot.com\/-mpLjCtyvUig\/WDh-vExBqgI\/AAAAAAAABTY\/DGIE3rt0Yx4bsAuZo-H4i1LN7ty9ptSdACLcB\/s640\/2016-11-18%2B10.06.57%2Bcopia.jpg\" width=\"640\" \/><\/a><\/div>\n<div style=\"clear: both;text-align: center\"><\/div>\n<div style=\"clear: both;text-align: center\"><\/div>\n<\/div>\n","protected":false},"excerpt":{"rendered":"<p>Un a\u00f1o m\u00e1s, los alumnos de la E.S.O. de nuestro centro participar\u00e1n en el Concurso de carteles que organiza la Delegaci\u00f3n de la mujer del Ayuntamiento de Estepona contra la violencia de g\u00e9nero. En&#46;&#46;&#46;<\/p>\n","protected":false},"author":16494,"featured_media":0,"comment_status":"open","ping_status":"open","sticky":false,"template":"","format":"standard","meta":{"ngg_post_thumbnail":0,"footnotes":""},"categories":[1],"tags":[],"aioseo_notices":[],"_links":{"self":[{"href":"https:\/\/blogsaverroes.juntadeandalucia.es\/paulinopalma\/wp-json\/wp\/v2\/posts\/142"}],"collection":[{"href":"https:\/\/blogsaverroes.juntadeandalucia.es\/paulinopalma\/wp-json\/wp\/v2\/posts"}],"about":[{"href":"https:\/\/blogsaverroes.juntadeandalucia.es\/paulinopalma\/wp-json\/wp\/v2\/types\/post"}],"author":[{"embeddable":true,"href":"https:\/\/blogsaverroes.juntadeandalucia.es\/paulinopalma\/wp-json\/wp\/v2\/users\/16494"}],"replies":[{"embeddable":true,"href":"https:\/\/blogsaverroes.juntadeandalucia.es\/paulinopalma\/wp-json\/wp\/v2\/comments?post=142"}],"version-history":[{"count":0,"href":"https:\/\/blogsaverroes.juntadeandalucia.es\/paulinopalma\/wp-json\/wp\/v2\/posts\/142\/revisions"}],"wp:attachment":[{"href":"https:\/\/blogsaverroes.juntadeandalucia.es\/paulinopalma\/wp-json\/wp\/v2\/media?parent=142"}],"wp:term":[{"taxonomy":"category","embeddable":true,"href":"https:\/\/blogsaverroes.juntadeandalucia.es\/paulinopalma\/wp-json\/wp\/v2\/categories?post=142"},{"taxonomy":"post_tag","embeddable":true,"href":"https:\/\/blogsaverroes.juntadeandalucia.es\/paulinopalma\/wp-json\/wp\/v2\/tags?post=142"}],"curies":[{"name":"wp","href":"https:\/\/api.w.org\/{rel}","templated":true}]}}