{"id":2440,"date":"2021-11-20T20:46:13","date_gmt":"2021-11-20T20:46:13","guid":{"rendered":"https:\/\/blogsaverroes.juntadeandalucia.es\/peman\/?p=2440"},"modified":"2021-11-25T11:57:01","modified_gmt":"2021-11-25T11:57:01","slug":"baile-derechos-del-nino","status":"publish","type":"post","link":"https:\/\/blogsaverroes.juntadeandalucia.es\/peman\/baile-derechos-del-nino\/","title":{"rendered":"BAILE DERECHOS DEL NI\u00d1O"},"content":{"rendered":"<p>El pasado viernes, nuestros ni\u00f1os y ni\u00f1as de 6\u00ba de Primaria bailaron la canci\u00f3n de los Derechos del Ni\u00f1o.<\/p>\n<div style=\"width: 640px;\" class=\"wp-video\"><!--[if lt IE 9]><script>document.createElement('video');<\/script><![endif]-->\n<video class=\"wp-video-shortcode\" id=\"video-2440-1\" width=\"640\" height=\"352\" preload=\"metadata\" controls=\"controls\"><source type=\"video\/mp4\" src=\"https:\/\/blogsaverroes.juntadeandalucia.es\/peman\/files\/2021\/11\/BAILE-DERECHOS-DEL-NI\u00d1O.mp4?_=1\" \/><a href=\"https:\/\/blogsaverroes.juntadeandalucia.es\/peman\/files\/2021\/11\/BAILE-DERECHOS-DEL-NI\u00d1O.mp4\">https:\/\/blogsaverroes.juntadeandalucia.es\/peman\/files\/2021\/11\/BAILE-DERECHOS-DEL-NI\u00d1O.mp4<\/a><\/video><\/div>\n","protected":false},"excerpt":{"rendered":"<p>El pasado viernes, nuestros ni\u00f1os y ni\u00f1as de 6\u00ba de Primaria bailaron la canci\u00f3n de los Derechos del Ni\u00f1o.<\/p>\n","protected":false},"author":8305,"featured_media":2442,"comment_status":"closed","ping_status":"open","sticky":false,"template":"","format":"standard","meta":{"ngg_post_thumbnail":0,"footnotes":""},"categories":[25496,526],"tags":[],"aioseo_notices":[],"_links":{"self":[{"href":"https:\/\/blogsaverroes.juntadeandalucia.es\/peman\/wp-json\/wp\/v2\/posts\/2440"}],"collection":[{"href":"https:\/\/blogsaverroes.juntadeandalucia.es\/peman\/wp-json\/wp\/v2\/posts"}],"about":[{"href":"https:\/\/blogsaverroes.juntadeandalucia.es\/peman\/wp-json\/wp\/v2\/types\/post"}],"author":[{"embeddable":true,"href":"https:\/\/blogsaverroes.juntadeandalucia.es\/peman\/wp-json\/wp\/v2\/users\/8305"}],"replies":[{"embeddable":true,"href":"https:\/\/blogsaverroes.juntadeandalucia.es\/peman\/wp-json\/wp\/v2\/comments?post=2440"}],"version-history":[{"count":3,"href":"https:\/\/blogsaverroes.juntadeandalucia.es\/peman\/wp-json\/wp\/v2\/posts\/2440\/revisions"}],"predecessor-version":[{"id":2460,"href":"https:\/\/blogsaverroes.juntadeandalucia.es\/peman\/wp-json\/wp\/v2\/posts\/2440\/revisions\/2460"}],"wp:featuredmedia":[{"embeddable":true,"href":"https:\/\/blogsaverroes.juntadeandalucia.es\/peman\/wp-json\/wp\/v2\/media\/2442"}],"wp:attachment":[{"href":"https:\/\/blogsaverroes.juntadeandalucia.es\/peman\/wp-json\/wp\/v2\/media?parent=2440"}],"wp:term":[{"taxonomy":"category","embeddable":true,"href":"https:\/\/blogsaverroes.juntadeandalucia.es\/peman\/wp-json\/wp\/v2\/categories?post=2440"},{"taxonomy":"post_tag","embeddable":true,"href":"https:\/\/blogsaverroes.juntadeandalucia.es\/peman\/wp-json\/wp\/v2\/tags?post=2440"}],"curies":[{"name":"wp","href":"https:\/\/api.w.org\/{rel}","templated":true}]}}