{"id":2614,"date":"2021-12-03T08:48:12","date_gmt":"2021-12-03T08:48:12","guid":{"rendered":"https:\/\/blogsaverroes.juntadeandalucia.es\/peman\/?p=2614"},"modified":"2021-12-03T10:19:29","modified_gmt":"2021-12-03T10:19:29","slug":"dia-de-la-discapacidad","status":"publish","type":"post","link":"https:\/\/blogsaverroes.juntadeandalucia.es\/peman\/dia-de-la-discapacidad\/","title":{"rendered":"D\u00cdA DE LAS PERSONAS CON CAPACIDADES DIFERENTES"},"content":{"rendered":"<p><a href=\"https:\/\/blogsaverroes.juntadeandalucia.es\/peman\/files\/2021\/12\/WhatsApp-Image-2021-12-03-at-07.46.54.jpeg\"><img loading=\"lazy\" decoding=\"async\" class=\" wp-image-2615 alignleft\" src=\"https:\/\/blogsaverroes.juntadeandalucia.es\/peman\/files\/2021\/12\/WhatsApp-Image-2021-12-03-at-07.46.54-300x275.jpeg\" alt=\"\" width=\"391\" height=\"358\" srcset=\"https:\/\/blogsaverroes.juntadeandalucia.es\/peman\/files\/2021\/12\/WhatsApp-Image-2021-12-03-at-07.46.54-300x275.jpeg 300w, https:\/\/blogsaverroes.juntadeandalucia.es\/peman\/files\/2021\/12\/WhatsApp-Image-2021-12-03-at-07.46.54-1024x938.jpeg 1024w, https:\/\/blogsaverroes.juntadeandalucia.es\/peman\/files\/2021\/12\/WhatsApp-Image-2021-12-03-at-07.46.54-768x703.jpeg 768w, https:\/\/blogsaverroes.juntadeandalucia.es\/peman\/files\/2021\/12\/WhatsApp-Image-2021-12-03-at-07.46.54.jpeg 1080w\" sizes=\"(max-width: 391px) 100vw, 391px\" \/><\/a><\/p>\n<p><strong>El 3 de diciembre se celebra el D\u00eda Internacional de las Personas con Diferentes Capacidades <\/strong>con el objetivo de promover los derechos y el bienestar de las personas con diversidad funcional en todos los \u00e1mbitos de la sociedad, as\u00ed como concienciar sobre su situaci\u00f3n en todos los aspectos de la vida.<\/p>\n<p><strong>Las personas con diversidad funcional&nbsp; son la minor\u00eda m\u00e1s amplia en el mundo<\/strong>, y suelen tener m\u00e1s dificultades que otros colectivos en todos los niveles, sobre todo en el acceso a la educaci\u00f3n, al mercado laboral, y dificultades econ\u00f3micas.<\/p>\n<p>Y ello se debe a la&nbsp;<strong>falta de recursos que les faciliten la vida<\/strong> como acceso al transporte, o acceso a la informaci\u00f3n, en caso de discapacidad sensorial. Todo ello unido a la discriminaci\u00f3n social que a veces existe en su entorno, y la falta de legislaci\u00f3n adecuada, hacen que la vida de las personas con diversidad funcional sea m\u00e1s dif\u00edcil.<\/p>\n<p>Adem\u00e1s,&nbsp;<strong>las personas con diversidad funcional son m\u00e1s vulnerables ante la violencia<\/strong>. Los ni\u00f1os con diversidad funcional&nbsp; tienen cuatro veces m\u00e1s posibilidades de ser v\u00edctimas de actos violentos, igual que los adultos con problemas mentales.<\/p>\n<p><strong>La ignorancia es la causa de la discriminaci\u00f3n<\/strong> que existe en torno a las personas con diversidad funcional, ya que est\u00e1 totalmente demostrado que, una vez eliminadas las barreras y obst\u00e1culos a la integraci\u00f3n de estas personas, pueden colaborar activa y productivamente en la sociedad.<\/p>\n<h2 id=\"resTit_6\">\u00bfC\u00f3mo celebrar el D\u00eda Internacional de las Personas con Capacidades Diferentes?<\/h2>\n<p>Puedes crear conciencia sobre las diferentes capacidades que tenemos las personas, que realmente es lo que hay que valorar en una persona. Y por supuesto trabajar por la integraci\u00f3n y no discriminaci\u00f3n de las personas con diversidad funcional.&nbsp;<\/p>\n<p>&nbsp;<\/p>\n<p>&nbsp;<\/p>\n","protected":false},"excerpt":{"rendered":"<p>El 3 de diciembre se celebra el D\u00eda Internacional de las Personas con Diferentes Capacidades con el objetivo de promover los derechos y el bienestar de las personas con diversidad funcional en todos los&#46;&#46;&#46;<\/p>\n","protected":false},"author":8305,"featured_media":2615,"comment_status":"closed","ping_status":"open","sticky":false,"template":"","format":"standard","meta":{"ngg_post_thumbnail":0,"footnotes":""},"categories":[2351659,526],"tags":[],"aioseo_notices":[],"_links":{"self":[{"href":"https:\/\/blogsaverroes.juntadeandalucia.es\/peman\/wp-json\/wp\/v2\/posts\/2614"}],"collection":[{"href":"https:\/\/blogsaverroes.juntadeandalucia.es\/peman\/wp-json\/wp\/v2\/posts"}],"about":[{"href":"https:\/\/blogsaverroes.juntadeandalucia.es\/peman\/wp-json\/wp\/v2\/types\/post"}],"author":[{"embeddable":true,"href":"https:\/\/blogsaverroes.juntadeandalucia.es\/peman\/wp-json\/wp\/v2\/users\/8305"}],"replies":[{"embeddable":true,"href":"https:\/\/blogsaverroes.juntadeandalucia.es\/peman\/wp-json\/wp\/v2\/comments?post=2614"}],"version-history":[{"count":8,"href":"https:\/\/blogsaverroes.juntadeandalucia.es\/peman\/wp-json\/wp\/v2\/posts\/2614\/revisions"}],"predecessor-version":[{"id":2623,"href":"https:\/\/blogsaverroes.juntadeandalucia.es\/peman\/wp-json\/wp\/v2\/posts\/2614\/revisions\/2623"}],"wp:featuredmedia":[{"embeddable":true,"href":"https:\/\/blogsaverroes.juntadeandalucia.es\/peman\/wp-json\/wp\/v2\/media\/2615"}],"wp:attachment":[{"href":"https:\/\/blogsaverroes.juntadeandalucia.es\/peman\/wp-json\/wp\/v2\/media?parent=2614"}],"wp:term":[{"taxonomy":"category","embeddable":true,"href":"https:\/\/blogsaverroes.juntadeandalucia.es\/peman\/wp-json\/wp\/v2\/categories?post=2614"},{"taxonomy":"post_tag","embeddable":true,"href":"https:\/\/blogsaverroes.juntadeandalucia.es\/peman\/wp-json\/wp\/v2\/tags?post=2614"}],"curies":[{"name":"wp","href":"https:\/\/api.w.org\/{rel}","templated":true}]}}