{"id":3020,"date":"2022-06-07T08:00:59","date_gmt":"2022-06-07T08:00:59","guid":{"rendered":"https:\/\/blogsaverroes.juntadeandalucia.es\/peman\/?p=3020"},"modified":"2022-06-07T08:02:30","modified_gmt":"2022-06-07T08:02:30","slug":"entre-todos-construimos-nuestra-historia","status":"publish","type":"post","link":"https:\/\/blogsaverroes.juntadeandalucia.es\/peman\/entre-todos-construimos-nuestra-historia\/","title":{"rendered":"ENTRE TODOS CONSTRUIMOS NUESTRA HISTORIA"},"content":{"rendered":"<p>Conjunto arquitect\u00f3nico de La Alianza y Museo Hist\u00f3rico de Puente Genil.<\/p>\n<p>El pasado 26 de mayo los alumnos y alumnas de 3\u00ba de E. primaria de este cole visitamos el casco hist\u00f3rico de Puente Genil, en concreto dos de sus museos. Previamente en clase estudiamos \u00bfqui\u00e9n fue Leopoldo Lemoniez? y que vino a hacer a Puente Genil. Se trabajaron las \u00e1reas de Sociales, Matem\u00e1ticas y Lengua:&nbsp;<\/p>\n<p>-Las edades de la historia.<\/p>\n<p>-La llegada de Leopoldo Lemoniez a Puente Genil y qu\u00e9 signific\u00f3 su trabajo en aquella \u00e9poca para este pueblo.<\/p>\n<p>-Las medidas de una de sus obras m\u00e1s importantes, la construcci\u00f3n del Puente Hierro.<\/p>\n<p>Durante las visitas, escuchamos, aprendimos, buscamos utensilios y objetos de distintas \u00e9pocas de la historia y medimos con nuestros metros en los lugares que visitamos y que fuimos anotando en nuestras libretitas. Nos acompa\u00f1aron dos gu\u00edas Marisol y David del Ayto. de Puente Genil a los que quedamos agradecidos por el trabajo realizado con nuestros alumnos y alumnas.<\/p>\n<p>Sin duda una visita muy entretenida y divertida que no olvidar\u00e1n f\u00e1cilmente.<\/p>\nngg_shortcode_0_placeholder\n<p>&nbsp;<\/p>\n<p>&nbsp;&nbsp;&nbsp;&nbsp;&nbsp;&nbsp;&nbsp;&nbsp;&nbsp;&nbsp;&nbsp;&nbsp;&nbsp;&nbsp;&nbsp;&nbsp;&nbsp;&nbsp;&nbsp;&nbsp;&nbsp;&nbsp;&nbsp;&nbsp;&nbsp;&nbsp;&nbsp;&nbsp;&nbsp;&nbsp;&nbsp;&nbsp;&nbsp;&nbsp;&nbsp;&nbsp;&nbsp;&nbsp;&nbsp;&nbsp;&nbsp;&nbsp;&nbsp;&nbsp;&nbsp;&nbsp;&nbsp;&nbsp;&nbsp;&nbsp;&nbsp;&nbsp;&nbsp;&nbsp;&nbsp;&nbsp;&nbsp;&nbsp;&nbsp;&nbsp;&nbsp;&nbsp;&nbsp;&nbsp;&nbsp;&nbsp;&nbsp;&nbsp;&nbsp;&nbsp;&nbsp;&nbsp;&nbsp;&nbsp;&nbsp;&nbsp;&nbsp;&nbsp;&nbsp;&nbsp;&nbsp;&nbsp;&nbsp;&nbsp;&nbsp;&nbsp;&nbsp;&nbsp;&nbsp;&nbsp;&nbsp;&nbsp;&nbsp;&nbsp;&nbsp;&nbsp;&nbsp;&nbsp;&nbsp;&nbsp;&nbsp;&nbsp;&nbsp;&nbsp;&nbsp;&nbsp;&nbsp;&nbsp;&nbsp;&nbsp;&nbsp;&nbsp;&nbsp;&nbsp;&nbsp;&nbsp;<\/p>\n","protected":false},"excerpt":{"rendered":"<p>Conjunto arquitect\u00f3nico de La Alianza y Museo Hist\u00f3rico de Puente Genil. El pasado 26 de mayo los alumnos y alumnas de 3\u00ba de E. primaria de este cole visitamos el casco hist\u00f3rico de Puente&#46;&#46;&#46;<\/p>\n","protected":false},"author":8305,"featured_media":3032,"comment_status":"closed","ping_status":"open","sticky":false,"template":"","format":"standard","meta":{"ngg_post_thumbnail":0,"footnotes":""},"categories":[25495,526],"tags":[],"aioseo_notices":[],"_links":{"self":[{"href":"https:\/\/blogsaverroes.juntadeandalucia.es\/peman\/wp-json\/wp\/v2\/posts\/3020"}],"collection":[{"href":"https:\/\/blogsaverroes.juntadeandalucia.es\/peman\/wp-json\/wp\/v2\/posts"}],"about":[{"href":"https:\/\/blogsaverroes.juntadeandalucia.es\/peman\/wp-json\/wp\/v2\/types\/post"}],"author":[{"embeddable":true,"href":"https:\/\/blogsaverroes.juntadeandalucia.es\/peman\/wp-json\/wp\/v2\/users\/8305"}],"replies":[{"embeddable":true,"href":"https:\/\/blogsaverroes.juntadeandalucia.es\/peman\/wp-json\/wp\/v2\/comments?post=3020"}],"version-history":[{"count":2,"href":"https:\/\/blogsaverroes.juntadeandalucia.es\/peman\/wp-json\/wp\/v2\/posts\/3020\/revisions"}],"predecessor-version":[{"id":3033,"href":"https:\/\/blogsaverroes.juntadeandalucia.es\/peman\/wp-json\/wp\/v2\/posts\/3020\/revisions\/3033"}],"wp:featuredmedia":[{"embeddable":true,"href":"https:\/\/blogsaverroes.juntadeandalucia.es\/peman\/wp-json\/wp\/v2\/media\/3032"}],"wp:attachment":[{"href":"https:\/\/blogsaverroes.juntadeandalucia.es\/peman\/wp-json\/wp\/v2\/media?parent=3020"}],"wp:term":[{"taxonomy":"category","embeddable":true,"href":"https:\/\/blogsaverroes.juntadeandalucia.es\/peman\/wp-json\/wp\/v2\/categories?post=3020"},{"taxonomy":"post_tag","embeddable":true,"href":"https:\/\/blogsaverroes.juntadeandalucia.es\/peman\/wp-json\/wp\/v2\/tags?post=3020"}],"curies":[{"name":"wp","href":"https:\/\/api.w.org\/{rel}","templated":true}]}}