{"id":3217,"date":"2022-12-13T20:20:14","date_gmt":"2022-12-13T20:20:14","guid":{"rendered":"https:\/\/blogsaverroes.juntadeandalucia.es\/peman\/?p=3217"},"modified":"2022-12-14T16:42:28","modified_gmt":"2022-12-14T16:42:28","slug":"visita-navidena","status":"publish","type":"post","link":"https:\/\/blogsaverroes.juntadeandalucia.es\/peman\/visita-navidena\/","title":{"rendered":"Visita navide\u00f1a."},"content":{"rendered":"<p><strong>\u00a1Qu\u00e9 hay m\u00e1s navide\u00f1o en este pueblo, que unas luces de navidad!<\/strong><\/p>\n<p>Esta ma\u00f1ana, a pesar de la lluvia, nuestros alumnos y alumnas de primer ciclo y FBO han podido contemplar la exposici\u00f3n de alumbrado navide\u00f1o que la empresa Xim\u00e9nez tiene en el pol\u00edgono San Pancracio, hasta all\u00ed han ido en autob\u00fas. Han podido visitar las instalaciones en dos turnos a lo largo de esta lluviosa ma\u00f1ana, una vez all\u00ed han sido obsequiados con un detalle luminoso con el que recordar\u00e1n esta visita.<\/p>\n<p>Ya queda menos para las vacaciones, pero a\u00fan nos quedan actividades navide\u00f1as&#8230; \u00bfCu\u00e1l ser\u00e1 la pr\u00f3xima?<\/p>\nngg_shortcode_0_placeholder\n<p>&nbsp;<\/p>\n","protected":false},"excerpt":{"rendered":"<p>\u00a1Qu\u00e9 hay m\u00e1s navide\u00f1o en este pueblo, que unas luces de navidad! Esta ma\u00f1ana, a pesar de la lluvia, nuestros alumnos y alumnas de primer ciclo y FBO han podido contemplar la exposici\u00f3n de&#46;&#46;&#46;<\/p>\n","protected":false},"author":8316,"featured_media":3256,"comment_status":"closed","ping_status":"open","sticky":false,"template":"","format":"standard","meta":{"ngg_post_thumbnail":0,"footnotes":""},"categories":[784,25494,2351658],"tags":[],"aioseo_notices":[],"_links":{"self":[{"href":"https:\/\/blogsaverroes.juntadeandalucia.es\/peman\/wp-json\/wp\/v2\/posts\/3217"}],"collection":[{"href":"https:\/\/blogsaverroes.juntadeandalucia.es\/peman\/wp-json\/wp\/v2\/posts"}],"about":[{"href":"https:\/\/blogsaverroes.juntadeandalucia.es\/peman\/wp-json\/wp\/v2\/types\/post"}],"author":[{"embeddable":true,"href":"https:\/\/blogsaverroes.juntadeandalucia.es\/peman\/wp-json\/wp\/v2\/users\/8316"}],"replies":[{"embeddable":true,"href":"https:\/\/blogsaverroes.juntadeandalucia.es\/peman\/wp-json\/wp\/v2\/comments?post=3217"}],"version-history":[{"count":4,"href":"https:\/\/blogsaverroes.juntadeandalucia.es\/peman\/wp-json\/wp\/v2\/posts\/3217\/revisions"}],"predecessor-version":[{"id":3257,"href":"https:\/\/blogsaverroes.juntadeandalucia.es\/peman\/wp-json\/wp\/v2\/posts\/3217\/revisions\/3257"}],"wp:featuredmedia":[{"embeddable":true,"href":"https:\/\/blogsaverroes.juntadeandalucia.es\/peman\/wp-json\/wp\/v2\/media\/3256"}],"wp:attachment":[{"href":"https:\/\/blogsaverroes.juntadeandalucia.es\/peman\/wp-json\/wp\/v2\/media?parent=3217"}],"wp:term":[{"taxonomy":"category","embeddable":true,"href":"https:\/\/blogsaverroes.juntadeandalucia.es\/peman\/wp-json\/wp\/v2\/categories?post=3217"},{"taxonomy":"post_tag","embeddable":true,"href":"https:\/\/blogsaverroes.juntadeandalucia.es\/peman\/wp-json\/wp\/v2\/tags?post=3217"}],"curies":[{"name":"wp","href":"https:\/\/api.w.org\/{rel}","templated":true}]}}