{"id":3271,"date":"2022-12-14T19:02:45","date_gmt":"2022-12-14T19:02:45","guid":{"rendered":"https:\/\/blogsaverroes.juntadeandalucia.es\/peman\/?p=3271"},"modified":"2022-12-14T19:02:45","modified_gmt":"2022-12-14T19:02:45","slug":"david-pino-nos-visita","status":"publish","type":"post","link":"https:\/\/blogsaverroes.juntadeandalucia.es\/peman\/david-pino-nos-visita\/","title":{"rendered":"David Pino nos visita"},"content":{"rendered":"<p>En nuestro colegio hemos celebrado durante esta semana el D\u00eda del Flamenco. As\u00ed, el pasado mi\u00e9rcoles nuestros alumnos y alumnas de 4\u00ba de Primaria acudieron al Teatro Circo para disfrutar de una bonita actividad organizada por el Ayuntamiento de Puente Genil. En el siguiente enlace se puede acceder a las im\u00e1genes:<\/p>\n<p><a href=\"https:\/\/blogsaverroes.juntadeandalucia.es\/flamencopeman\/2022\/11\/16\/dia-del-flamenco-2\/\">https:\/\/blogsaverroes.juntadeandalucia.es\/flamencopeman\/2022\/11\/16\/dia-del-flamenco-2\/<\/a>&nbsp;<\/p>\n<p>Y el viernes, fue el cantaor David Pino el que nos visit\u00f3, con una interesante actividad en la que nuestros ni\u00f1os de 5\u00ba y 6\u00ba de Primaria lo pudieron conocer y hacerle un buen n\u00famero de preguntas sobre su obra musical y trayectoria art\u00edstica. Con m\u00e1s detalle&nbsp; lo contamos en este enlace:<\/p>\n<p><a href=\"https:\/\/blogsaverroes.juntadeandalucia.es\/flamencopeman\/2022\/11\/17\/visita-del-cantaor-david-pino\/\">https:\/\/blogsaverroes.juntadeandalucia.es\/flamencopeman\/2022\/11\/17\/visita-del-cantaor-david-pino\/<\/a><\/p>\n<p>&nbsp;<\/p>\n","protected":false},"excerpt":{"rendered":"<p>En nuestro colegio hemos celebrado durante esta semana el D\u00eda del Flamenco. As\u00ed, el pasado mi\u00e9rcoles nuestros alumnos y alumnas de 4\u00ba de Primaria acudieron al Teatro Circo para disfrutar de una bonita actividad&#46;&#46;&#46;<\/p>\n","protected":false},"author":8316,"featured_media":3272,"comment_status":"closed","ping_status":"open","sticky":false,"template":"","format":"standard","meta":{"ngg_post_thumbnail":0,"footnotes":""},"categories":[26636,2351682,2351665],"tags":[],"aioseo_notices":[],"_links":{"self":[{"href":"https:\/\/blogsaverroes.juntadeandalucia.es\/peman\/wp-json\/wp\/v2\/posts\/3271"}],"collection":[{"href":"https:\/\/blogsaverroes.juntadeandalucia.es\/peman\/wp-json\/wp\/v2\/posts"}],"about":[{"href":"https:\/\/blogsaverroes.juntadeandalucia.es\/peman\/wp-json\/wp\/v2\/types\/post"}],"author":[{"embeddable":true,"href":"https:\/\/blogsaverroes.juntadeandalucia.es\/peman\/wp-json\/wp\/v2\/users\/8316"}],"replies":[{"embeddable":true,"href":"https:\/\/blogsaverroes.juntadeandalucia.es\/peman\/wp-json\/wp\/v2\/comments?post=3271"}],"version-history":[{"count":2,"href":"https:\/\/blogsaverroes.juntadeandalucia.es\/peman\/wp-json\/wp\/v2\/posts\/3271\/revisions"}],"predecessor-version":[{"id":3274,"href":"https:\/\/blogsaverroes.juntadeandalucia.es\/peman\/wp-json\/wp\/v2\/posts\/3271\/revisions\/3274"}],"wp:featuredmedia":[{"embeddable":true,"href":"https:\/\/blogsaverroes.juntadeandalucia.es\/peman\/wp-json\/wp\/v2\/media\/3272"}],"wp:attachment":[{"href":"https:\/\/blogsaverroes.juntadeandalucia.es\/peman\/wp-json\/wp\/v2\/media?parent=3271"}],"wp:term":[{"taxonomy":"category","embeddable":true,"href":"https:\/\/blogsaverroes.juntadeandalucia.es\/peman\/wp-json\/wp\/v2\/categories?post=3271"},{"taxonomy":"post_tag","embeddable":true,"href":"https:\/\/blogsaverroes.juntadeandalucia.es\/peman\/wp-json\/wp\/v2\/tags?post=3271"}],"curies":[{"name":"wp","href":"https:\/\/api.w.org\/{rel}","templated":true}]}}