{"id":3289,"date":"2022-12-14T19:43:03","date_gmt":"2022-12-14T19:43:03","guid":{"rendered":"https:\/\/blogsaverroes.juntadeandalucia.es\/peman\/?p=3289"},"modified":"2022-12-14T19:43:03","modified_gmt":"2022-12-14T19:43:03","slug":"el-ampa-trae-la-navidad","status":"publish","type":"post","link":"https:\/\/blogsaverroes.juntadeandalucia.es\/peman\/el-ampa-trae-la-navidad\/","title":{"rendered":"El AMPA trae la Navidad"},"content":{"rendered":"<p>ngg_shortcode_0_placeholderUn a\u00f1o m\u00e1s, volvemos del puente de la Constituci\u00f3n y nos encontramos con esta grata sorpresa.&nbsp; Han venido unos duendecillos y han transformado nuestro cole en un c\u00e1lido hogar navide\u00f1o.&nbsp; Adem\u00e1s, organizan una chocolatada navide\u00f1a llena de actividades divertidas.&nbsp; &nbsp;Entre otras, una primicia, el nuevo coro de Pem\u00e1n debutar\u00e1 para la ocasi\u00f3n.<\/p>\n<p>\u00bfQu\u00e9 m\u00e1s se puede pedir?<\/p>\n<p>Muchas gracias, est\u00e1is trabajando genial y nos beneficiamos todos y todas.&nbsp; Un abrazo.<\/p>\n","protected":false},"excerpt":{"rendered":"<p>Un a\u00f1o m\u00e1s, volvemos del puente de la Constituci\u00f3n y nos encontramos con esta grata sorpresa.&nbsp; Han venido unos duendecillos y han transformado nuestro cole en un c\u00e1lido hogar navide\u00f1o.&nbsp; Adem\u00e1s, organizan una chocolatada&#46;&#46;&#46;<\/p>\n","protected":false},"author":8316,"featured_media":3297,"comment_status":"closed","ping_status":"open","sticky":false,"template":"","format":"standard","meta":{"ngg_post_thumbnail":0,"footnotes":""},"categories":[11909],"tags":[],"aioseo_notices":[],"_links":{"self":[{"href":"https:\/\/blogsaverroes.juntadeandalucia.es\/peman\/wp-json\/wp\/v2\/posts\/3289"}],"collection":[{"href":"https:\/\/blogsaverroes.juntadeandalucia.es\/peman\/wp-json\/wp\/v2\/posts"}],"about":[{"href":"https:\/\/blogsaverroes.juntadeandalucia.es\/peman\/wp-json\/wp\/v2\/types\/post"}],"author":[{"embeddable":true,"href":"https:\/\/blogsaverroes.juntadeandalucia.es\/peman\/wp-json\/wp\/v2\/users\/8316"}],"replies":[{"embeddable":true,"href":"https:\/\/blogsaverroes.juntadeandalucia.es\/peman\/wp-json\/wp\/v2\/comments?post=3289"}],"version-history":[{"count":3,"href":"https:\/\/blogsaverroes.juntadeandalucia.es\/peman\/wp-json\/wp\/v2\/posts\/3289\/revisions"}],"predecessor-version":[{"id":3300,"href":"https:\/\/blogsaverroes.juntadeandalucia.es\/peman\/wp-json\/wp\/v2\/posts\/3289\/revisions\/3300"}],"wp:featuredmedia":[{"embeddable":true,"href":"https:\/\/blogsaverroes.juntadeandalucia.es\/peman\/wp-json\/wp\/v2\/media\/3297"}],"wp:attachment":[{"href":"https:\/\/blogsaverroes.juntadeandalucia.es\/peman\/wp-json\/wp\/v2\/media?parent=3289"}],"wp:term":[{"taxonomy":"category","embeddable":true,"href":"https:\/\/blogsaverroes.juntadeandalucia.es\/peman\/wp-json\/wp\/v2\/categories?post=3289"},{"taxonomy":"post_tag","embeddable":true,"href":"https:\/\/blogsaverroes.juntadeandalucia.es\/peman\/wp-json\/wp\/v2\/tags?post=3289"}],"curies":[{"name":"wp","href":"https:\/\/api.w.org\/{rel}","templated":true}]}}