{"id":3470,"date":"2023-02-21T21:27:30","date_gmt":"2023-02-21T21:27:30","guid":{"rendered":"https:\/\/blogsaverroes.juntadeandalucia.es\/peman\/?p=3470"},"modified":"2023-02-21T21:27:30","modified_gmt":"2023-02-21T21:27:30","slug":"los-viernes-son-la-leche","status":"publish","type":"post","link":"https:\/\/blogsaverroes.juntadeandalucia.es\/peman\/los-viernes-son-la-leche\/","title":{"rendered":"Los viernes son la leche"},"content":{"rendered":"<p>Desde este viernes 17 de febrero nuestros alumnos y alumnas&nbsp; de Primaria disfrutar\u00e1n de un vaso de leche (o los que quieran&#8230;) en el recreo. En esta ocasi\u00f3n, se reparte la leche en horario de recreo, que ser\u00e1 m\u00e1s divertido con motivo del carnaval y los patios coeducativos. El viernes siguiente, festejaremos el d\u00eda de Andaluc\u00eda, y volveremos a desayunar leche, esta vez con nuestro tradicional pan con aceite, en esta ocasi\u00f3n se unen los peques de Infantil.<\/p>\n<p>ngg_shortcode_0_placeholderAl ser beneficiarios del programa de consumo de leche en la escuela, habr\u00e1 m\u00e1s viernes que ser\u00e1n la leche.&nbsp;<\/p>\n<p>Ya se comunicar\u00e1n las pr\u00f3ximas fechas donde cada alumno\/a debe traer su taza (con nombre y curso) para disfrutar de este desayuno saludable.<\/p>\n","protected":false},"excerpt":{"rendered":"<p>Desde este viernes 17 de febrero nuestros alumnos y alumnas&nbsp; de Primaria disfrutar\u00e1n de un vaso de leche (o los que quieran&#8230;) en el recreo. En esta ocasi\u00f3n, se reparte la leche en horario&#46;&#46;&#46;<\/p>\n","protected":false},"author":8316,"featured_media":3473,"comment_status":"closed","ping_status":"open","sticky":false,"template":"","format":"standard","meta":{"ngg_post_thumbnail":0,"footnotes":""},"categories":[784,2351681,2351665],"tags":[],"aioseo_notices":[],"_links":{"self":[{"href":"https:\/\/blogsaverroes.juntadeandalucia.es\/peman\/wp-json\/wp\/v2\/posts\/3470"}],"collection":[{"href":"https:\/\/blogsaverroes.juntadeandalucia.es\/peman\/wp-json\/wp\/v2\/posts"}],"about":[{"href":"https:\/\/blogsaverroes.juntadeandalucia.es\/peman\/wp-json\/wp\/v2\/types\/post"}],"author":[{"embeddable":true,"href":"https:\/\/blogsaverroes.juntadeandalucia.es\/peman\/wp-json\/wp\/v2\/users\/8316"}],"replies":[{"embeddable":true,"href":"https:\/\/blogsaverroes.juntadeandalucia.es\/peman\/wp-json\/wp\/v2\/comments?post=3470"}],"version-history":[{"count":2,"href":"https:\/\/blogsaverroes.juntadeandalucia.es\/peman\/wp-json\/wp\/v2\/posts\/3470\/revisions"}],"predecessor-version":[{"id":3475,"href":"https:\/\/blogsaverroes.juntadeandalucia.es\/peman\/wp-json\/wp\/v2\/posts\/3470\/revisions\/3475"}],"wp:featuredmedia":[{"embeddable":true,"href":"https:\/\/blogsaverroes.juntadeandalucia.es\/peman\/wp-json\/wp\/v2\/media\/3473"}],"wp:attachment":[{"href":"https:\/\/blogsaverroes.juntadeandalucia.es\/peman\/wp-json\/wp\/v2\/media?parent=3470"}],"wp:term":[{"taxonomy":"category","embeddable":true,"href":"https:\/\/blogsaverroes.juntadeandalucia.es\/peman\/wp-json\/wp\/v2\/categories?post=3470"},{"taxonomy":"post_tag","embeddable":true,"href":"https:\/\/blogsaverroes.juntadeandalucia.es\/peman\/wp-json\/wp\/v2\/tags?post=3470"}],"curies":[{"name":"wp","href":"https:\/\/api.w.org\/{rel}","templated":true}]}}