{"id":3568,"date":"2023-02-22T14:05:05","date_gmt":"2023-02-22T14:05:05","guid":{"rendered":"https:\/\/blogsaverroes.juntadeandalucia.es\/peman\/?p=3568"},"modified":"2023-02-22T19:22:20","modified_gmt":"2023-02-22T19:22:20","slug":"taller-degustacion","status":"publish","type":"post","link":"https:\/\/blogsaverroes.juntadeandalucia.es\/peman\/taller-degustacion\/","title":{"rendered":"Taller degustaci\u00f3n."},"content":{"rendered":"<p>Con motivo del d\u00eda de Andaluc\u00eda, y como una de las muchas actividades de esta semana, hemos tenido el placer de degustar un bizcocho de zanahoria&nbsp; que nos ha tra\u00eddo al cole Ezequiel Montilla.<\/p>\n<p>Desde su restaurante Alma, los alumnos y alumnas de primer ciclo de primaria, y&nbsp; los alumnos de FBO (aula espec\u00edfica) esta ma\u00f1ana han saboreado una receta muy saludable de este gran chef pontan\u00e9s.<\/p>\nngg_shortcode_0_placeholder\n","protected":false},"excerpt":{"rendered":"<p>Con motivo del d\u00eda de Andaluc\u00eda, y como una de las muchas actividades de esta semana, hemos tenido el placer de degustar un bizcocho de zanahoria&nbsp; que nos ha tra\u00eddo al cole Ezequiel Montilla.&#46;&#46;&#46;<\/p>\n","protected":false},"author":8316,"featured_media":3576,"comment_status":"closed","ping_status":"open","sticky":false,"template":"","format":"standard","meta":{"ngg_post_thumbnail":0,"footnotes":""},"categories":[2351681,25494,2351658],"tags":[],"aioseo_notices":[],"_links":{"self":[{"href":"https:\/\/blogsaverroes.juntadeandalucia.es\/peman\/wp-json\/wp\/v2\/posts\/3568"}],"collection":[{"href":"https:\/\/blogsaverroes.juntadeandalucia.es\/peman\/wp-json\/wp\/v2\/posts"}],"about":[{"href":"https:\/\/blogsaverroes.juntadeandalucia.es\/peman\/wp-json\/wp\/v2\/types\/post"}],"author":[{"embeddable":true,"href":"https:\/\/blogsaverroes.juntadeandalucia.es\/peman\/wp-json\/wp\/v2\/users\/8316"}],"replies":[{"embeddable":true,"href":"https:\/\/blogsaverroes.juntadeandalucia.es\/peman\/wp-json\/wp\/v2\/comments?post=3568"}],"version-history":[{"count":2,"href":"https:\/\/blogsaverroes.juntadeandalucia.es\/peman\/wp-json\/wp\/v2\/posts\/3568\/revisions"}],"predecessor-version":[{"id":3577,"href":"https:\/\/blogsaverroes.juntadeandalucia.es\/peman\/wp-json\/wp\/v2\/posts\/3568\/revisions\/3577"}],"wp:featuredmedia":[{"embeddable":true,"href":"https:\/\/blogsaverroes.juntadeandalucia.es\/peman\/wp-json\/wp\/v2\/media\/3576"}],"wp:attachment":[{"href":"https:\/\/blogsaverroes.juntadeandalucia.es\/peman\/wp-json\/wp\/v2\/media?parent=3568"}],"wp:term":[{"taxonomy":"category","embeddable":true,"href":"https:\/\/blogsaverroes.juntadeandalucia.es\/peman\/wp-json\/wp\/v2\/categories?post=3568"},{"taxonomy":"post_tag","embeddable":true,"href":"https:\/\/blogsaverroes.juntadeandalucia.es\/peman\/wp-json\/wp\/v2\/tags?post=3568"}],"curies":[{"name":"wp","href":"https:\/\/api.w.org\/{rel}","templated":true}]}}