{"id":3979,"date":"2023-06-01T19:53:29","date_gmt":"2023-06-01T19:53:29","guid":{"rendered":"https:\/\/blogsaverroes.juntadeandalucia.es\/peman\/?p=3979"},"modified":"2023-06-01T20:00:31","modified_gmt":"2023-06-01T20:00:31","slug":"educacion-vial-6o","status":"publish","type":"post","link":"https:\/\/blogsaverroes.juntadeandalucia.es\/peman\/educacion-vial-6o\/","title":{"rendered":"Educaci\u00f3n vial, 6\u00ba"},"content":{"rendered":"<p>Durante los d\u00edas 31 de mayo y 1 de junio se han celebrado unas jornadas de educaci\u00f3n vial a cargo de la polic\u00eda local. El alumnado de 6\u00ba que sabe montar en bici ha participado en las mismas. La jornada comprend\u00eda una parte te\u00f3rica y otra pr\u00e1ctica, donde han realizado un recorrido por calles del pueblo, el carril bici y tambi\u00e9n han transitado como peatones (baj\u00e1ndose de la bicicleta) en aquellos lugares, como aceras, donde as\u00ed es lo correcto. Para terminar la ma\u00f1ana han visitado las dependencias de la polic\u00eda local, sus diferentes estancias y han resuelto las dudas que han surgido a lo larga de la ma\u00f1ana.<\/p>\n<p>Ha resultado una ma\u00f1ana muy provechosa.<\/p>\n<p>\u00abLa vida es como montar en bicicleta. Para mantener el equilibrio debes seguir movi\u00e9ndote.\u00bb Albert Einstein.<\/p>\nngg_shortcode_0_placeholder\n","protected":false},"excerpt":{"rendered":"<p>Durante los d\u00edas 31 de mayo y 1 de junio se han celebrado unas jornadas de educaci\u00f3n vial a cargo de la polic\u00eda local. El alumnado de 6\u00ba que sabe montar en bici ha&#46;&#46;&#46;<\/p>\n","protected":false},"author":8316,"featured_media":3996,"comment_status":"closed","ping_status":"open","sticky":false,"template":"","format":"standard","meta":{"ngg_post_thumbnail":0,"footnotes":""},"categories":[2351681,25496],"tags":[],"aioseo_notices":[],"_links":{"self":[{"href":"https:\/\/blogsaverroes.juntadeandalucia.es\/peman\/wp-json\/wp\/v2\/posts\/3979"}],"collection":[{"href":"https:\/\/blogsaverroes.juntadeandalucia.es\/peman\/wp-json\/wp\/v2\/posts"}],"about":[{"href":"https:\/\/blogsaverroes.juntadeandalucia.es\/peman\/wp-json\/wp\/v2\/types\/post"}],"author":[{"embeddable":true,"href":"https:\/\/blogsaverroes.juntadeandalucia.es\/peman\/wp-json\/wp\/v2\/users\/8316"}],"replies":[{"embeddable":true,"href":"https:\/\/blogsaverroes.juntadeandalucia.es\/peman\/wp-json\/wp\/v2\/comments?post=3979"}],"version-history":[{"count":3,"href":"https:\/\/blogsaverroes.juntadeandalucia.es\/peman\/wp-json\/wp\/v2\/posts\/3979\/revisions"}],"predecessor-version":[{"id":3999,"href":"https:\/\/blogsaverroes.juntadeandalucia.es\/peman\/wp-json\/wp\/v2\/posts\/3979\/revisions\/3999"}],"wp:featuredmedia":[{"embeddable":true,"href":"https:\/\/blogsaverroes.juntadeandalucia.es\/peman\/wp-json\/wp\/v2\/media\/3996"}],"wp:attachment":[{"href":"https:\/\/blogsaverroes.juntadeandalucia.es\/peman\/wp-json\/wp\/v2\/media?parent=3979"}],"wp:term":[{"taxonomy":"category","embeddable":true,"href":"https:\/\/blogsaverroes.juntadeandalucia.es\/peman\/wp-json\/wp\/v2\/categories?post=3979"},{"taxonomy":"post_tag","embeddable":true,"href":"https:\/\/blogsaverroes.juntadeandalucia.es\/peman\/wp-json\/wp\/v2\/tags?post=3979"}],"curies":[{"name":"wp","href":"https:\/\/api.w.org\/{rel}","templated":true}]}}