{"id":4322,"date":"2023-12-19T22:01:36","date_gmt":"2023-12-19T22:01:36","guid":{"rendered":"https:\/\/blogsaverroes.juntadeandalucia.es\/peman\/?p=4322"},"modified":"2023-12-19T22:01:36","modified_gmt":"2023-12-19T22:01:36","slug":"visita-navidena-2","status":"publish","type":"post","link":"https:\/\/blogsaverroes.juntadeandalucia.es\/peman\/visita-navidena-2\/","title":{"rendered":"Visita navide\u00f1a."},"content":{"rendered":"<p>El primer ciclo y FBO han visitado las instalaciones de Ilmex, han podido ver el interior de la f\u00e1brica y la exposici\u00f3n de luces que tienen en el pol\u00edgono San Pancracio, hasta donde hemos ido en autob\u00fas. La jornada del 19 de diciembre en dos tandas los alumnos y alumnas descubrieron porque a nuestra localidad la llaman la \u00abciudad de la luz\u00bb.<\/p>\nngg_shortcode_0_placeholder\n","protected":false},"excerpt":{"rendered":"<p>El primer ciclo y FBO han visitado las instalaciones de Ilmex, han podido ver el interior de la f\u00e1brica y la exposici\u00f3n de luces que tienen en el pol\u00edgono San Pancracio, hasta donde hemos&#46;&#46;&#46;<\/p>\n","protected":false},"author":8316,"featured_media":4337,"comment_status":"closed","ping_status":"open","sticky":false,"template":"","format":"standard","meta":{"ngg_post_thumbnail":0,"footnotes":""},"categories":[25494],"tags":[],"aioseo_notices":[],"_links":{"self":[{"href":"https:\/\/blogsaverroes.juntadeandalucia.es\/peman\/wp-json\/wp\/v2\/posts\/4322"}],"collection":[{"href":"https:\/\/blogsaverroes.juntadeandalucia.es\/peman\/wp-json\/wp\/v2\/posts"}],"about":[{"href":"https:\/\/blogsaverroes.juntadeandalucia.es\/peman\/wp-json\/wp\/v2\/types\/post"}],"author":[{"embeddable":true,"href":"https:\/\/blogsaverroes.juntadeandalucia.es\/peman\/wp-json\/wp\/v2\/users\/8316"}],"replies":[{"embeddable":true,"href":"https:\/\/blogsaverroes.juntadeandalucia.es\/peman\/wp-json\/wp\/v2\/comments?post=4322"}],"version-history":[{"count":1,"href":"https:\/\/blogsaverroes.juntadeandalucia.es\/peman\/wp-json\/wp\/v2\/posts\/4322\/revisions"}],"predecessor-version":[{"id":4338,"href":"https:\/\/blogsaverroes.juntadeandalucia.es\/peman\/wp-json\/wp\/v2\/posts\/4322\/revisions\/4338"}],"wp:featuredmedia":[{"embeddable":true,"href":"https:\/\/blogsaverroes.juntadeandalucia.es\/peman\/wp-json\/wp\/v2\/media\/4337"}],"wp:attachment":[{"href":"https:\/\/blogsaverroes.juntadeandalucia.es\/peman\/wp-json\/wp\/v2\/media?parent=4322"}],"wp:term":[{"taxonomy":"category","embeddable":true,"href":"https:\/\/blogsaverroes.juntadeandalucia.es\/peman\/wp-json\/wp\/v2\/categories?post=4322"},{"taxonomy":"post_tag","embeddable":true,"href":"https:\/\/blogsaverroes.juntadeandalucia.es\/peman\/wp-json\/wp\/v2\/tags?post=4322"}],"curies":[{"name":"wp","href":"https:\/\/api.w.org\/{rel}","templated":true}]}}