{"id":4535,"date":"2025-07-10T12:09:47","date_gmt":"2025-07-10T12:09:47","guid":{"rendered":"https:\/\/blogsaverroes.juntadeandalucia.es\/peman\/?p=4535"},"modified":"2025-07-10T12:09:47","modified_gmt":"2025-07-10T12:09:47","slug":"derechos-de-la-infancia","status":"publish","type":"post","link":"https:\/\/blogsaverroes.juntadeandalucia.es\/peman\/derechos-de-la-infancia\/","title":{"rendered":"Derechos de la Infancia"},"content":{"rendered":"<p>Para el 20N, D\u00eda Internacional de los <strong>Derechos de la Infancia<\/strong>, el alumnado del CEIP Jos\u00e9 M\u00aa Pem\u00e1n profundiz\u00f3 su conocimiento sobre los derechos que todos los ni\u00f1os y ni\u00f1as del mundo deben tener. Fueron conscientes de que no siempre es as\u00ed y que su labor como ciudadanos es seguir luchando para que estos derechos sean en un futuro pr\u00f3ximo una realidad plena.<br \/>\nLas actividades fueron muy variadas: visionado de videos, debates, creaci\u00f3n de un \u201cJard\u00edn de los Derechos\u201d y murales, as\u00ed como la lectura colectiva de la poes\u00eda \u201cEl molinillo\u201d, relativa a la efem\u00e9ride.<\/p>\nngg_shortcode_0_placeholder\n","protected":false},"excerpt":{"rendered":"<p>Para el 20N, D\u00eda Internacional de los Derechos de la Infancia, el alumnado del CEIP Jos\u00e9 M\u00aa Pem\u00e1n profundiz\u00f3 su conocimiento sobre los derechos que todos los ni\u00f1os y ni\u00f1as del mundo deben tener.&#46;&#46;&#46;<\/p>\n","protected":false},"author":8316,"featured_media":4542,"comment_status":"closed","ping_status":"open","sticky":false,"template":"","format":"standard","meta":{"ngg_post_thumbnail":0,"footnotes":""},"categories":[2351658,2351676],"tags":[],"aioseo_notices":[],"_links":{"self":[{"href":"https:\/\/blogsaverroes.juntadeandalucia.es\/peman\/wp-json\/wp\/v2\/posts\/4535"}],"collection":[{"href":"https:\/\/blogsaverroes.juntadeandalucia.es\/peman\/wp-json\/wp\/v2\/posts"}],"about":[{"href":"https:\/\/blogsaverroes.juntadeandalucia.es\/peman\/wp-json\/wp\/v2\/types\/post"}],"author":[{"embeddable":true,"href":"https:\/\/blogsaverroes.juntadeandalucia.es\/peman\/wp-json\/wp\/v2\/users\/8316"}],"replies":[{"embeddable":true,"href":"https:\/\/blogsaverroes.juntadeandalucia.es\/peman\/wp-json\/wp\/v2\/comments?post=4535"}],"version-history":[{"count":1,"href":"https:\/\/blogsaverroes.juntadeandalucia.es\/peman\/wp-json\/wp\/v2\/posts\/4535\/revisions"}],"predecessor-version":[{"id":4543,"href":"https:\/\/blogsaverroes.juntadeandalucia.es\/peman\/wp-json\/wp\/v2\/posts\/4535\/revisions\/4543"}],"wp:featuredmedia":[{"embeddable":true,"href":"https:\/\/blogsaverroes.juntadeandalucia.es\/peman\/wp-json\/wp\/v2\/media\/4542"}],"wp:attachment":[{"href":"https:\/\/blogsaverroes.juntadeandalucia.es\/peman\/wp-json\/wp\/v2\/media?parent=4535"}],"wp:term":[{"taxonomy":"category","embeddable":true,"href":"https:\/\/blogsaverroes.juntadeandalucia.es\/peman\/wp-json\/wp\/v2\/categories?post=4535"},{"taxonomy":"post_tag","embeddable":true,"href":"https:\/\/blogsaverroes.juntadeandalucia.es\/peman\/wp-json\/wp\/v2\/tags?post=4535"}],"curies":[{"name":"wp","href":"https:\/\/api.w.org\/{rel}","templated":true}]}}