{"id":3457,"date":"2021-04-23T10:12:46","date_gmt":"2021-04-23T10:12:46","guid":{"rendered":"https:\/\/blogsaverroes.juntadeandalucia.es\/penyaluenga\/?p=3457"},"modified":"2021-04-23T10:12:46","modified_gmt":"2021-04-23T10:12:46","slug":"dia-del-libro-2021-2","status":"publish","type":"post","link":"https:\/\/blogsaverroes.juntadeandalucia.es\/penyaluenga\/dia-del-libro-2021-2\/","title":{"rendered":"D\u00eda del Libro 2021"},"content":{"rendered":"<p><img loading=\"lazy\" decoding=\"async\" class=\"aligncenter size-large wp-image-3458\" src=\"https:\/\/blogsaverroes.juntadeandalucia.es\/penyaluenga\/files\/2021\/04\/PHOTO-2021-04-23-11-43-17-2-1024x766.jpg\" alt=\"\" width=\"525\" height=\"393\" srcset=\"https:\/\/blogsaverroes.juntadeandalucia.es\/penyaluenga\/files\/2021\/04\/PHOTO-2021-04-23-11-43-17-2-1024x766.jpg 1024w, https:\/\/blogsaverroes.juntadeandalucia.es\/penyaluenga\/files\/2021\/04\/PHOTO-2021-04-23-11-43-17-2-300x224.jpg 300w, https:\/\/blogsaverroes.juntadeandalucia.es\/penyaluenga\/files\/2021\/04\/PHOTO-2021-04-23-11-43-17-2-768x574.jpg 768w, https:\/\/blogsaverroes.juntadeandalucia.es\/penyaluenga\/files\/2021\/04\/PHOTO-2021-04-23-11-43-17-2-1536x1149.jpg 1536w, https:\/\/blogsaverroes.juntadeandalucia.es\/penyaluenga\/files\/2021\/04\/PHOTO-2021-04-23-11-43-17-2.jpg 1600w\" sizes=\"(max-width: 525px) 100vw, 525px\" \/><\/p>\n<p style=\"text-align: center\"><span style=\"font-size: 10pt;font-family: arial, helvetica, sans-serif\">(Foto realizada por M\u00aa Jos\u00e9 Bernal)<\/span><\/p>\n<p style=\"text-align: justify\"><span style=\"font-family: arial, helvetica, sans-serif\">Fiel a cada cita anual, en la ma\u00f1ana de hoy se ha celebrado en nuestro centro el D\u00eda del Libro. Aunque las actividades planificadas empezaron hace algunos d\u00edas con la iniciativa denominada \u00abBooktubers\u00bb, en la cual el alumnado ha podido participar recomendando su obra favorita, en los diferentes niveles se han desarrollado actividades relacionadas.<\/span><\/p>\n<p style=\"text-align: justify\"><span style=\"font-family: arial, helvetica, sans-serif\">En Educaci\u00f3n Secundaria, el alumnado ha tenido la oportunidad de compartir al aire libre una historia en el \u00e1rea Ingl\u00e9s, o conocer algo m\u00e1s de cerca la figura de Emilio Prados, poeta malague\u00f1o perteneciente a la Generaci\u00f3n del 27.<\/span><\/p>\n<p><strong><span style=\"font-family: arial, helvetica, sans-serif\">\u00a1Feliz D\u00eda del Libro!<\/span><\/strong><\/p>\n","protected":false},"excerpt":{"rendered":"<p>(Foto realizada por M\u00aa Jos\u00e9 Bernal) Fiel a cada cita anual, en la ma\u00f1ana de hoy se ha celebrado en nuestro centro el D\u00eda del Libro. Aunque las actividades planificadas empezaron hace algunos d\u00edas&#46;&#46;&#46;<\/p>\n","protected":false},"author":1896,"featured_media":0,"comment_status":"open","ping_status":"open","sticky":false,"template":"","format":"aside","meta":{"ngg_post_thumbnail":0,"footnotes":""},"categories":[5991,213,25490,530173],"tags":[],"aioseo_notices":[],"post_mailing_queue_ids":[],"_links":{"self":[{"href":"https:\/\/blogsaverroes.juntadeandalucia.es\/penyaluenga\/wp-json\/wp\/v2\/posts\/3457"}],"collection":[{"href":"https:\/\/blogsaverroes.juntadeandalucia.es\/penyaluenga\/wp-json\/wp\/v2\/posts"}],"about":[{"href":"https:\/\/blogsaverroes.juntadeandalucia.es\/penyaluenga\/wp-json\/wp\/v2\/types\/post"}],"author":[{"embeddable":true,"href":"https:\/\/blogsaverroes.juntadeandalucia.es\/penyaluenga\/wp-json\/wp\/v2\/users\/1896"}],"replies":[{"embeddable":true,"href":"https:\/\/blogsaverroes.juntadeandalucia.es\/penyaluenga\/wp-json\/wp\/v2\/comments?post=3457"}],"version-history":[{"count":1,"href":"https:\/\/blogsaverroes.juntadeandalucia.es\/penyaluenga\/wp-json\/wp\/v2\/posts\/3457\/revisions"}],"predecessor-version":[{"id":3459,"href":"https:\/\/blogsaverroes.juntadeandalucia.es\/penyaluenga\/wp-json\/wp\/v2\/posts\/3457\/revisions\/3459"}],"wp:attachment":[{"href":"https:\/\/blogsaverroes.juntadeandalucia.es\/penyaluenga\/wp-json\/wp\/v2\/media?parent=3457"}],"wp:term":[{"taxonomy":"category","embeddable":true,"href":"https:\/\/blogsaverroes.juntadeandalucia.es\/penyaluenga\/wp-json\/wp\/v2\/categories?post=3457"},{"taxonomy":"post_tag","embeddable":true,"href":"https:\/\/blogsaverroes.juntadeandalucia.es\/penyaluenga\/wp-json\/wp\/v2\/tags?post=3457"}],"curies":[{"name":"wp","href":"https:\/\/api.w.org\/{rel}","templated":true}]}}