{"id":3907,"date":"2022-02-25T09:11:36","date_gmt":"2022-02-25T09:11:36","guid":{"rendered":"https:\/\/blogsaverroes.juntadeandalucia.es\/penyaluenga\/?p=3907"},"modified":"2022-02-25T09:28:50","modified_gmt":"2022-02-25T09:28:50","slug":"paseamos-por-el-guadalquivir","status":"publish","type":"post","link":"https:\/\/blogsaverroes.juntadeandalucia.es\/penyaluenga\/paseamos-por-el-guadalquivir\/","title":{"rendered":"Paseamos por el Guadalquivir"},"content":{"rendered":"<p><img loading=\"lazy\" decoding=\"async\" class=\"aligncenter size-large wp-image-3908\" src=\"https:\/\/blogsaverroes.juntadeandalucia.es\/penyaluenga\/files\/2022\/02\/20220223-Visita-Sevilla-1024x768.jpg\" alt=\"\" width=\"525\" height=\"394\" srcset=\"https:\/\/blogsaverroes.juntadeandalucia.es\/penyaluenga\/files\/2022\/02\/20220223-Visita-Sevilla-1024x768.jpg 1024w, https:\/\/blogsaverroes.juntadeandalucia.es\/penyaluenga\/files\/2022\/02\/20220223-Visita-Sevilla-300x225.jpg 300w, https:\/\/blogsaverroes.juntadeandalucia.es\/penyaluenga\/files\/2022\/02\/20220223-Visita-Sevilla-768x576.jpg 768w, https:\/\/blogsaverroes.juntadeandalucia.es\/penyaluenga\/files\/2022\/02\/20220223-Visita-Sevilla-1536x1152.jpg 1536w, https:\/\/blogsaverroes.juntadeandalucia.es\/penyaluenga\/files\/2022\/02\/20220223-Visita-Sevilla.jpg 1600w\" sizes=\"(max-width: 525px) 100vw, 525px\" \/><\/p>\n<p style=\"text-align: center\"><span style=\"font-size: 10pt\">(Fotograf\u00eda realizada por el profesorado participante en la actividad)<\/span><\/p>\n<p style=\"text-align: justify\"><span style=\"font-family: arial, helvetica, sans-serif\">Aunque al principio estaba prevista, precisamente, la visita al monumento que aparece en la imagen, debido a labores de mantenimiento que se llevaron a cabo el mi\u00e9rcoles 23 de febrero en el interior del edificio, no se pudo finalmente llevar a cabo. Pero este hecho no supuso ning\u00fan impedimento para que nuestro alumnado de primer y segundo ciclo de Educaci\u00f3n Primaria pasease, acompa\u00f1ada por una gu\u00eda, por el centro de la capital de Andaluc\u00eda.<\/span><\/p>\n<p style=\"text-align: justify\"><span style=\"font-family: arial, helvetica, sans-serif\">Pr\u00f3xima la celebraci\u00f3n del d\u00eda de Andaluc\u00eda, el profesorado estim\u00f3 conveniente conocer Sevilla desde un punto de vista cultural. Pese a que la mayor\u00eda de nuestros\/as ni\u00f1os\/as, evidentemente, han visitado la ciudad, la novedad erradicaba en una visita en barco que se desarroll\u00f3 por el r\u00edo Guadalquivir.<\/span><\/p>\n<p style=\"text-align: justify\"><span style=\"font-family: arial, helvetica, sans-serif\">Pasamos una ma\u00f1ana divertida presidida por un sol radiante; casi primaveral.<\/span><\/p>\n","protected":false},"excerpt":{"rendered":"<p>(Fotograf\u00eda realizada por el profesorado participante en la actividad) Aunque al principio estaba prevista, precisamente, la visita al monumento que aparece en la imagen, debido a labores de mantenimiento que se llevaron a cabo&#46;&#46;&#46;<\/p>\n","protected":false},"author":1896,"featured_media":0,"comment_status":"open","ping_status":"open","sticky":false,"template":"","format":"aside","meta":{"ngg_post_thumbnail":0,"footnotes":""},"categories":[5991,25490,530212,25494,25495,530199,19734],"tags":[],"aioseo_notices":[],"post_mailing_queue_ids":[],"_links":{"self":[{"href":"https:\/\/blogsaverroes.juntadeandalucia.es\/penyaluenga\/wp-json\/wp\/v2\/posts\/3907"}],"collection":[{"href":"https:\/\/blogsaverroes.juntadeandalucia.es\/penyaluenga\/wp-json\/wp\/v2\/posts"}],"about":[{"href":"https:\/\/blogsaverroes.juntadeandalucia.es\/penyaluenga\/wp-json\/wp\/v2\/types\/post"}],"author":[{"embeddable":true,"href":"https:\/\/blogsaverroes.juntadeandalucia.es\/penyaluenga\/wp-json\/wp\/v2\/users\/1896"}],"replies":[{"embeddable":true,"href":"https:\/\/blogsaverroes.juntadeandalucia.es\/penyaluenga\/wp-json\/wp\/v2\/comments?post=3907"}],"version-history":[{"count":1,"href":"https:\/\/blogsaverroes.juntadeandalucia.es\/penyaluenga\/wp-json\/wp\/v2\/posts\/3907\/revisions"}],"predecessor-version":[{"id":3909,"href":"https:\/\/blogsaverroes.juntadeandalucia.es\/penyaluenga\/wp-json\/wp\/v2\/posts\/3907\/revisions\/3909"}],"wp:attachment":[{"href":"https:\/\/blogsaverroes.juntadeandalucia.es\/penyaluenga\/wp-json\/wp\/v2\/media?parent=3907"}],"wp:term":[{"taxonomy":"category","embeddable":true,"href":"https:\/\/blogsaverroes.juntadeandalucia.es\/penyaluenga\/wp-json\/wp\/v2\/categories?post=3907"},{"taxonomy":"post_tag","embeddable":true,"href":"https:\/\/blogsaverroes.juntadeandalucia.es\/penyaluenga\/wp-json\/wp\/v2\/tags?post=3907"}],"curies":[{"name":"wp","href":"https:\/\/api.w.org\/{rel}","templated":true}]}}