{"id":1032,"date":"2023-12-06T19:22:43","date_gmt":"2023-12-06T18:22:43","guid":{"rendered":"https:\/\/blogsaverroes.juntadeandalucia.es\/perezdelalamo\/?p=1032"},"modified":"2023-12-06T19:22:43","modified_gmt":"2023-12-06T18:22:43","slug":"dia-de-la-constitucion","status":"publish","type":"post","link":"https:\/\/blogsaverroes.juntadeandalucia.es\/perezdelalamo\/dia-de-la-constitucion\/","title":{"rendered":"D\u00cdA DE LA CONSTITUCI\u00d3N"},"content":{"rendered":"<p>Hemos querido felicitar a nuestra Constituci\u00f3n por su 45\u00b0 cumplea\u00f1os realizando diversas tareas en las que hemos reforzado en nuestras aulas y en el Cole valores como la democracia, la libertad y los derechos y deberes espa\u00f1oles, destacando la importancia y la necesidad de nuestra carta Magna en la sociedad actual:<br \/>\n<a href=\"https:\/\/photos.app.goo.gl\/BHUvMoNsWoEhqyYg6\"><br \/>\nhttps:\/\/photos.app.goo.gl\/BHUvMoNsWoEhqyYg6<\/a><\/p>\n<p>&nbsp;<\/p>\n<p><img loading=\"lazy\" decoding=\"async\" class=\"aligncenter\" src=\"https:\/\/www.juntadeandalucia.es\/averroes\/centros-tic\/18000611\/helvia\/sitio\/upload\/img\/CONSTITUCION.jpeg\" width=\"340\" height=\"340\" border=\"0\"><\/p>\n","protected":false},"excerpt":{"rendered":"<p>Hemos querido felicitar a nuestra Constituci\u00f3n por su 45\u00b0 cumplea\u00f1os realizando diversas tareas en las que hemos reforzado en nuestras aulas y en el Cole valores como la democracia, la libertad y los derechos y deberes espa\u00f1oles, destacando la importancia y la necesidad de nuestra carta Magna en la sociedad actual: https:\/\/photos.app.goo.gl\/BHUvMoNsWoEhqyYg6 &nbsp;<\/p>\n","protected":false},"author":7906,"featured_media":0,"comment_status":"closed","ping_status":"open","sticky":false,"template":"","format":"standard","meta":{"_et_pb_use_builder":"","_et_pb_old_content":"","_et_gb_content_width":"","ngg_post_thumbnail":0,"footnotes":""},"categories":[1],"tags":[],"aioseo_notices":[],"_links":{"self":[{"href":"https:\/\/blogsaverroes.juntadeandalucia.es\/perezdelalamo\/wp-json\/wp\/v2\/posts\/1032"}],"collection":[{"href":"https:\/\/blogsaverroes.juntadeandalucia.es\/perezdelalamo\/wp-json\/wp\/v2\/posts"}],"about":[{"href":"https:\/\/blogsaverroes.juntadeandalucia.es\/perezdelalamo\/wp-json\/wp\/v2\/types\/post"}],"author":[{"embeddable":true,"href":"https:\/\/blogsaverroes.juntadeandalucia.es\/perezdelalamo\/wp-json\/wp\/v2\/users\/7906"}],"replies":[{"embeddable":true,"href":"https:\/\/blogsaverroes.juntadeandalucia.es\/perezdelalamo\/wp-json\/wp\/v2\/comments?post=1032"}],"version-history":[{"count":1,"href":"https:\/\/blogsaverroes.juntadeandalucia.es\/perezdelalamo\/wp-json\/wp\/v2\/posts\/1032\/revisions"}],"predecessor-version":[{"id":1033,"href":"https:\/\/blogsaverroes.juntadeandalucia.es\/perezdelalamo\/wp-json\/wp\/v2\/posts\/1032\/revisions\/1033"}],"wp:attachment":[{"href":"https:\/\/blogsaverroes.juntadeandalucia.es\/perezdelalamo\/wp-json\/wp\/v2\/media?parent=1032"}],"wp:term":[{"taxonomy":"category","embeddable":true,"href":"https:\/\/blogsaverroes.juntadeandalucia.es\/perezdelalamo\/wp-json\/wp\/v2\/categories?post=1032"},{"taxonomy":"post_tag","embeddable":true,"href":"https:\/\/blogsaverroes.juntadeandalucia.es\/perezdelalamo\/wp-json\/wp\/v2\/tags?post=1032"}],"curies":[{"name":"wp","href":"https:\/\/api.w.org\/{rel}","templated":true}]}}