{"id":1190,"date":"2024-12-05T01:06:30","date_gmt":"2024-12-05T00:06:30","guid":{"rendered":"https:\/\/blogsaverroes.juntadeandalucia.es\/perezdelalamo\/?p=1190"},"modified":"2024-12-09T01:07:50","modified_gmt":"2024-12-09T00:07:50","slug":"dia-de-la-constitucion-2","status":"publish","type":"post","link":"https:\/\/blogsaverroes.juntadeandalucia.es\/perezdelalamo\/dia-de-la-constitucion-2\/","title":{"rendered":"D\u00cdA DE LA CONSTITUCI\u00d3N"},"content":{"rendered":"<p dir=\"ltr\">Nuestro Centro se suma otro curso m\u00e1s para celebrar este importante d\u00eda de nuestra Carta Magna con actividades y tareas tem\u00e1ticas sobre su importancia, historia&#8230; destacando el valor y la repercusi\u00f3n que tiene en nuestro pa\u00eds y en la sociedad actual.<\/p>\n<p dir=\"ltr\">\u00a1Muchas felicidades!<\/p>\n<p dir=\"ltr\"><a href=\"https:\/\/photos.app.goo.gl\/VjFKJ1CXAi4brmGA6\">https:\/\/photos.app.goo.gl\/VjFKJ1CXAi4brmGA6<\/a><\/p>\n<p dir=\"ltr\"><img loading=\"lazy\" decoding=\"async\" class=\"aligncenter wp-image-1191 size-large\" src=\"https:\/\/blogsaverroes.juntadeandalucia.es\/perezdelalamo\/files\/2024\/12\/Post-de-Instagram-Dia-de-la-Constitucion-Espanola-clasico-en-color-amarillo-y-rojo-1024x1024.jpg\" alt=\"\" width=\"1024\" height=\"1024\" srcset=\"https:\/\/blogsaverroes.juntadeandalucia.es\/perezdelalamo\/files\/2024\/12\/Post-de-Instagram-Dia-de-la-Constitucion-Espanola-clasico-en-color-amarillo-y-rojo-1024x1024.jpg 1024w, https:\/\/blogsaverroes.juntadeandalucia.es\/perezdelalamo\/files\/2024\/12\/Post-de-Instagram-Dia-de-la-Constitucion-Espanola-clasico-en-color-amarillo-y-rojo-980x980.jpg 980w, https:\/\/blogsaverroes.juntadeandalucia.es\/perezdelalamo\/files\/2024\/12\/Post-de-Instagram-Dia-de-la-Constitucion-Espanola-clasico-en-color-amarillo-y-rojo-480x480.jpg 480w\" sizes=\"(min-width: 0px) and (max-width: 480px) 480px, (min-width: 481px) and (max-width: 980px) 980px, (min-width: 981px) 1024px, 100vw\" \/><\/p>\n","protected":false},"excerpt":{"rendered":"<p>Nuestro Centro se suma otro curso m\u00e1s para celebrar este importante d\u00eda de nuestra Carta Magna con actividades y tareas tem\u00e1ticas sobre su importancia, historia&#8230; destacando el valor y la repercusi\u00f3n que tiene en nuestro pa\u00eds y en la sociedad actual. \u00a1Muchas felicidades! https:\/\/photos.app.goo.gl\/VjFKJ1CXAi4brmGA6<\/p>\n","protected":false},"author":13384,"featured_media":0,"comment_status":"closed","ping_status":"open","sticky":false,"template":"","format":"standard","meta":{"_et_pb_use_builder":"","_et_pb_old_content":"","_et_gb_content_width":"","ngg_post_thumbnail":0,"footnotes":""},"categories":[3],"tags":[],"aioseo_notices":[],"_links":{"self":[{"href":"https:\/\/blogsaverroes.juntadeandalucia.es\/perezdelalamo\/wp-json\/wp\/v2\/posts\/1190"}],"collection":[{"href":"https:\/\/blogsaverroes.juntadeandalucia.es\/perezdelalamo\/wp-json\/wp\/v2\/posts"}],"about":[{"href":"https:\/\/blogsaverroes.juntadeandalucia.es\/perezdelalamo\/wp-json\/wp\/v2\/types\/post"}],"author":[{"embeddable":true,"href":"https:\/\/blogsaverroes.juntadeandalucia.es\/perezdelalamo\/wp-json\/wp\/v2\/users\/13384"}],"replies":[{"embeddable":true,"href":"https:\/\/blogsaverroes.juntadeandalucia.es\/perezdelalamo\/wp-json\/wp\/v2\/comments?post=1190"}],"version-history":[{"count":1,"href":"https:\/\/blogsaverroes.juntadeandalucia.es\/perezdelalamo\/wp-json\/wp\/v2\/posts\/1190\/revisions"}],"predecessor-version":[{"id":1192,"href":"https:\/\/blogsaverroes.juntadeandalucia.es\/perezdelalamo\/wp-json\/wp\/v2\/posts\/1190\/revisions\/1192"}],"wp:attachment":[{"href":"https:\/\/blogsaverroes.juntadeandalucia.es\/perezdelalamo\/wp-json\/wp\/v2\/media?parent=1190"}],"wp:term":[{"taxonomy":"category","embeddable":true,"href":"https:\/\/blogsaverroes.juntadeandalucia.es\/perezdelalamo\/wp-json\/wp\/v2\/categories?post=1190"},{"taxonomy":"post_tag","embeddable":true,"href":"https:\/\/blogsaverroes.juntadeandalucia.es\/perezdelalamo\/wp-json\/wp\/v2\/tags?post=1190"}],"curies":[{"name":"wp","href":"https:\/\/api.w.org\/{rel}","templated":true}]}}