{"id":1201,"date":"2024-12-13T15:13:59","date_gmt":"2024-12-13T14:13:59","guid":{"rendered":"https:\/\/blogsaverroes.juntadeandalucia.es\/perezdelalamo\/?p=1201"},"modified":"2024-12-15T15:16:09","modified_gmt":"2024-12-15T14:16:09","slug":"muchas-gracias","status":"publish","type":"post","link":"https:\/\/blogsaverroes.juntadeandalucia.es\/perezdelalamo\/muchas-gracias\/","title":{"rendered":"MUCHAS GRACIAS"},"content":{"rendered":"<div dir=\"auto\">Estamos muy agradecidos-as a toda nuestra Comunidad Educativa por su implicaci\u00f3n y solidaridad en la campa\u00f1a &#8220;Kil\u00f3metros de Solidaridad&#8221; junta a &#8220;Save the Children&#8221;, este a\u00f1o hemos recaudado<strong> 985\u20ac<\/strong> que ir\u00e1n destinados \u00edntegramente a los-as damnificados-as por la DANA en Valencia.<\/div>\n<div dir=\"auto\">Much\u00edsimas gracias.<\/div>\n<div dir=\"auto\">&nbsp;<\/div>\n<div dir=\"auto\"><img loading=\"lazy\" decoding=\"async\" class=\"alignnone wp-image-1202 size-large\" src=\"https:\/\/blogsaverroes.juntadeandalucia.es\/perezdelalamo\/files\/2024\/12\/470222464_3823829627933785_1978473487535949044_n-819x1024.jpg\" alt=\"\" width=\"819\" height=\"1024\"><img loading=\"lazy\" decoding=\"async\" class=\"alignnone wp-image-1203 size-large\" src=\"https:\/\/blogsaverroes.juntadeandalucia.es\/perezdelalamo\/files\/2024\/12\/470196334_3823829631267118_5828309668877064739_n-819x1024.jpg\" alt=\"\" width=\"819\" height=\"1024\"><\/div>\n","protected":false},"excerpt":{"rendered":"<p>Estamos muy agradecidos-as a toda nuestra Comunidad Educativa por su implicaci\u00f3n y solidaridad en la campa\u00f1a &#8220;Kil\u00f3metros de Solidaridad&#8221; junta a &#8220;Save the Children&#8221;, este a\u00f1o hemos recaudado 985\u20ac que ir\u00e1n destinados \u00edntegramente a los-as damnificados-as por la DANA en Valencia. Much\u00edsimas gracias. &nbsp;<\/p>\n","protected":false},"author":13384,"featured_media":0,"comment_status":"closed","ping_status":"open","sticky":false,"template":"","format":"standard","meta":{"_et_pb_use_builder":"","_et_pb_old_content":"","_et_gb_content_width":"","ngg_post_thumbnail":0,"footnotes":""},"categories":[3],"tags":[],"aioseo_notices":[],"_links":{"self":[{"href":"https:\/\/blogsaverroes.juntadeandalucia.es\/perezdelalamo\/wp-json\/wp\/v2\/posts\/1201"}],"collection":[{"href":"https:\/\/blogsaverroes.juntadeandalucia.es\/perezdelalamo\/wp-json\/wp\/v2\/posts"}],"about":[{"href":"https:\/\/blogsaverroes.juntadeandalucia.es\/perezdelalamo\/wp-json\/wp\/v2\/types\/post"}],"author":[{"embeddable":true,"href":"https:\/\/blogsaverroes.juntadeandalucia.es\/perezdelalamo\/wp-json\/wp\/v2\/users\/13384"}],"replies":[{"embeddable":true,"href":"https:\/\/blogsaverroes.juntadeandalucia.es\/perezdelalamo\/wp-json\/wp\/v2\/comments?post=1201"}],"version-history":[{"count":1,"href":"https:\/\/blogsaverroes.juntadeandalucia.es\/perezdelalamo\/wp-json\/wp\/v2\/posts\/1201\/revisions"}],"predecessor-version":[{"id":1204,"href":"https:\/\/blogsaverroes.juntadeandalucia.es\/perezdelalamo\/wp-json\/wp\/v2\/posts\/1201\/revisions\/1204"}],"wp:attachment":[{"href":"https:\/\/blogsaverroes.juntadeandalucia.es\/perezdelalamo\/wp-json\/wp\/v2\/media?parent=1201"}],"wp:term":[{"taxonomy":"category","embeddable":true,"href":"https:\/\/blogsaverroes.juntadeandalucia.es\/perezdelalamo\/wp-json\/wp\/v2\/categories?post=1201"},{"taxonomy":"post_tag","embeddable":true,"href":"https:\/\/blogsaverroes.juntadeandalucia.es\/perezdelalamo\/wp-json\/wp\/v2\/tags?post=1201"}],"curies":[{"name":"wp","href":"https:\/\/api.w.org\/{rel}","templated":true}]}}