{"id":318,"date":"2015-09-22T11:45:00","date_gmt":"2015-09-22T09:45:00","guid":{"rendered":"https:\/\/blogsaverroes.juntadeandalucia.es\/physicaleducation\/2015\/09\/22\/como-arreglarias-soluciones-al-problema-de-los-coches-en-la-ciudad\/"},"modified":"2015-09-22T11:45:00","modified_gmt":"2015-09-22T09:45:00","slug":"como-arreglarias-soluciones-al-problema-de-los-coches-en-la-ciudad","status":"publish","type":"post","link":"https:\/\/blogsaverroes.juntadeandalucia.es\/physicaleducation\/2015\/09\/22\/como-arreglarias-soluciones-al-problema-de-los-coches-en-la-ciudad\/","title":{"rendered":"C\u00f3mo arreglar\u00edas: Soluciones al problema de los coches en la ciudad"},"content":{"rendered":"<div dir=\"ltr\" style=\"text-align: left\">&#8211; Yo creo que tenemos que poner muchos tranv\u00edas baratos. H.A.L<br \/>&#8211; Yo creo que haciendo menos tiendas de coches. C.M.G<br \/>&#8211; Yo creo que hay que usar las bicis. M.P.H<br \/>&#8211; Yo creo que tenemos que usar las bicis el\u00e9ctricas. N.M.J<br \/>&#8211; Yo creo que montando en tren, bicicleta y pat\u00edn. I.H.B<br \/>&#8211; Yo creo que hay que coger la bici. M.M.G<br \/>&#8211; Yo creo que deber\u00edamos ir andando para que la gente vea que hay que ir as\u00ed. J.L-C.L<br \/>&#8211; Yo creo que hay que gastar menos gasolina. A.E.F<br \/>&#8211; Yo creo que lo mejor es que haya m\u00e1s coches, motos y autobuses el\u00e9ctricos. R.L.L<br \/>&#8211; Yo creo que hay que hacer coches el\u00e9ctricos. A.M.R<br \/>&#8211; Yo creo que hay que coger el tranv\u00eda. D.R.R<br \/>&#8211; Yo creo que debemos ir en bicicleta y patines. M.L.P<br \/>&#8211; Yo creo que habr\u00eda que en pat\u00edn o en moto el\u00e9ctrica. N.M.M<br \/>&#8211; Ir en moto el\u00e9ctrica, en autob\u00fas, en bici y patinete. M.H.R<br \/>&#8211; Yo creo que hay que ir en autobuses el\u00e9ctricos. M.C.U<br \/>&#8211; Yo creo que hay que ir andando. J.M.C<br \/>&#8211; Yo creo que hay que hacer menos carreteras. M.M.A<br \/>&#8211; Yo creo que hay que hacer un tranv\u00eda. A.M.C<br \/>&#8211; Yo creo que deber\u00edan coger m\u00e1s gente la bici. C.S.S<br \/>&#8211; Yo creo que deber\u00edamos ir en bici. D.V.M<br \/>&#8211; Yo creo que deber\u00edamos ir en helic\u00f3ptero. D.P.E<br \/>&#8211; Que hagan m\u00e1s trenes. M.R.M<\/p>\n<\/div>\n","protected":false},"excerpt":{"rendered":"<p>&#8211; Yo creo que tenemos que poner muchos tranv\u00edas baratos. H.A.L&#8211; Yo creo que haciendo menos tiendas de coches. C.M.G&#8211; Yo creo que hay que usar las bicis. M.P.H&#8211; Yo creo que tenemos que&#46;&#46;&#46;<\/p>\n","protected":false},"author":5007,"featured_media":0,"comment_status":"open","ping_status":"open","sticky":false,"template":"","format":"standard","meta":{"ngg_post_thumbnail":0,"footnotes":""},"categories":[257],"tags":[],"aioseo_notices":[],"_links":{"self":[{"href":"https:\/\/blogsaverroes.juntadeandalucia.es\/physicaleducation\/wp-json\/wp\/v2\/posts\/318"}],"collection":[{"href":"https:\/\/blogsaverroes.juntadeandalucia.es\/physicaleducation\/wp-json\/wp\/v2\/posts"}],"about":[{"href":"https:\/\/blogsaverroes.juntadeandalucia.es\/physicaleducation\/wp-json\/wp\/v2\/types\/post"}],"author":[{"embeddable":true,"href":"https:\/\/blogsaverroes.juntadeandalucia.es\/physicaleducation\/wp-json\/wp\/v2\/users\/5007"}],"replies":[{"embeddable":true,"href":"https:\/\/blogsaverroes.juntadeandalucia.es\/physicaleducation\/wp-json\/wp\/v2\/comments?post=318"}],"version-history":[{"count":0,"href":"https:\/\/blogsaverroes.juntadeandalucia.es\/physicaleducation\/wp-json\/wp\/v2\/posts\/318\/revisions"}],"wp:attachment":[{"href":"https:\/\/blogsaverroes.juntadeandalucia.es\/physicaleducation\/wp-json\/wp\/v2\/media?parent=318"}],"wp:term":[{"taxonomy":"category","embeddable":true,"href":"https:\/\/blogsaverroes.juntadeandalucia.es\/physicaleducation\/wp-json\/wp\/v2\/categories?post=318"},{"taxonomy":"post_tag","embeddable":true,"href":"https:\/\/blogsaverroes.juntadeandalucia.es\/physicaleducation\/wp-json\/wp\/v2\/tags?post=318"}],"curies":[{"name":"wp","href":"https:\/\/api.w.org\/{rel}","templated":true}]}}