{"id":458,"date":"2014-03-20T11:04:00","date_gmt":"2014-03-20T10:04:00","guid":{"rendered":"https:\/\/blogsaverroes.juntadeandalucia.es\/physicaleducation\/2014\/03\/20\/tarea-42\/"},"modified":"2014-03-20T11:04:00","modified_gmt":"2014-03-20T10:04:00","slug":"tarea-42","status":"publish","type":"post","link":"https:\/\/blogsaverroes.juntadeandalucia.es\/physicaleducation\/2014\/03\/20\/tarea-42\/","title":{"rendered":"Tarea"},"content":{"rendered":"<div dir=\"ltr\" style=\"text-align: left\">\n<div dir=\"ltr\" style=\"text-align: left\">\n<div dir=\"ltr\" style=\"text-align: left\">Lengua<\/p>\n<p>1. Copia y subraya las palabras con <b><span style=\"color: red\">r<\/span><\/b> fuerte.<\/p>\n<p>Arriba, en lo alto, el Sol luc\u00eda radiante y enviaba sus rayos a la Tierra. Platero se refugiaba bajo la sombra de una parra. Juan Ram\u00f3n se arrim\u00f3 a Platero. \u00bfCu\u00e1ndo aparecer\u00edan las nubes y ocultar\u00edan el Sol?<\/p>\n<p>Matem\u00e1ticas<\/p>\n<p>1. Sigue la serie desde el 700 al 745 de 3 en 3.<\/p>\n<p>700, 703,<\/p>\n<p>&#8212;&#8212;&#8212;&#8212;&#8212;&#8212;&#8212;&#8212;&#8212;&#8212;&#8212;&#8212;&#8212;&#8212;&#8212;&#8212;&#8212;&#8212;&#8212;&#8212;&#8212;&#8212;&#8212;&#8212;&#8212;&#8212;&#8212;&#8212;&#8212;&#8212;&#8212;&#8212;&#8212;&#8212;&#8212;&#8212;<br \/>Hoy, le damos la bienvenida a la estaci\u00f3n de las flores, la Primavera.<\/p>\n<p><img decoding=\"async\" alt=\"tributo-a-la-primavera-con-flores-y-mariposas-de-colores.jpg\" src=\"http:\/\/www.afedeco.com\/web\/files\/tributo-a-la-primavera-con-flores-y-mariposas-de-colores.jpg\" \/><\/p>\n<p>Aqu\u00ed, algunas famosas canciones sobre esta estaci\u00f3n:<\/p>\n<p>La famosa \u00abPrimavera\u00bb de Vivaldi<\/p>\n<\/div>\n<p><iframe loading=\"lazy\" frameborder=\"0\" height=\"315\" src=\"\/\/www.youtube.com\/embed\/KzwnY8ejk2w\" width=\"420\"><\/iframe><\/p>\n<p>Y una canci\u00f3n de Los Beatles; \u00abHere comes the Sun\u00bb: aqu\u00ed viene el Sol.<\/p>\n<\/div>\n<p><iframe loading=\"lazy\" frameborder=\"0\" height=\"315\" src=\"\/\/www.youtube.com\/embed\/J1DAzrUAM3k\" width=\"420\"><\/iframe><\/p>\n<p>Y un cuadro de Claude Monet; Campo de Primavera.<br \/><img decoding=\"async\" alt=\"Titulo de la im\u00e1gen Claude Monet - Campo de Primavera\" src=\"http:\/\/www.reprodart.com\/kunst\/claude_monet\/\/Felder-im-Fruehling.jpg\" \/><\/div>\n","protected":false},"excerpt":{"rendered":"<p>Lengua 1. Copia y subraya las palabras con r fuerte. Arriba, en lo alto, el Sol luc\u00eda radiante y enviaba sus rayos a la Tierra. Platero se refugiaba bajo la sombra de una parra.&#46;&#46;&#46;<\/p>\n","protected":false},"author":5007,"featured_media":0,"comment_status":"open","ping_status":"open","sticky":false,"template":"","format":"standard","meta":{"ngg_post_thumbnail":0,"footnotes":""},"categories":[100,19,291,292,224],"tags":[],"aioseo_notices":[],"_links":{"self":[{"href":"https:\/\/blogsaverroes.juntadeandalucia.es\/physicaleducation\/wp-json\/wp\/v2\/posts\/458"}],"collection":[{"href":"https:\/\/blogsaverroes.juntadeandalucia.es\/physicaleducation\/wp-json\/wp\/v2\/posts"}],"about":[{"href":"https:\/\/blogsaverroes.juntadeandalucia.es\/physicaleducation\/wp-json\/wp\/v2\/types\/post"}],"author":[{"embeddable":true,"href":"https:\/\/blogsaverroes.juntadeandalucia.es\/physicaleducation\/wp-json\/wp\/v2\/users\/5007"}],"replies":[{"embeddable":true,"href":"https:\/\/blogsaverroes.juntadeandalucia.es\/physicaleducation\/wp-json\/wp\/v2\/comments?post=458"}],"version-history":[{"count":0,"href":"https:\/\/blogsaverroes.juntadeandalucia.es\/physicaleducation\/wp-json\/wp\/v2\/posts\/458\/revisions"}],"wp:attachment":[{"href":"https:\/\/blogsaverroes.juntadeandalucia.es\/physicaleducation\/wp-json\/wp\/v2\/media?parent=458"}],"wp:term":[{"taxonomy":"category","embeddable":true,"href":"https:\/\/blogsaverroes.juntadeandalucia.es\/physicaleducation\/wp-json\/wp\/v2\/categories?post=458"},{"taxonomy":"post_tag","embeddable":true,"href":"https:\/\/blogsaverroes.juntadeandalucia.es\/physicaleducation\/wp-json\/wp\/v2\/tags?post=458"}],"curies":[{"name":"wp","href":"https:\/\/api.w.org\/{rel}","templated":true}]}}