{"id":759,"date":"2011-12-22T09:01:00","date_gmt":"2011-12-22T08:01:00","guid":{"rendered":"https:\/\/blogsaverroes.juntadeandalucia.es\/physicaleducation\/2011\/12\/22\/cuento-de-navidad\/"},"modified":"2011-12-22T09:01:00","modified_gmt":"2011-12-22T08:01:00","slug":"cuento-de-navidad","status":"publish","type":"post","link":"https:\/\/blogsaverroes.juntadeandalucia.es\/physicaleducation\/2011\/12\/22\/cuento-de-navidad\/","title":{"rendered":"Cuento de Navidad"},"content":{"rendered":"<div dir=\"ltr\" style=\"text-align: left\"><\/p>\n<div align=\"left\" style=\"background-color: white;color: #003300;font-family: Tahoma, arial, Helvetica\"><span style=\"font-size: large\"><b><span style=\"color: blue;font-family: verdana\">CUENTO DE NAVIDAD<img loading=\"lazy\" decoding=\"async\" align=\"right\" border=\"0\" height=\"266\" src=\"http:\/\/www.navidadlatina.com\/cuentosypoesias\/Cuento1.jpg\" width=\"215\" \/><\/span><\/b><span style=\"font-family: verdana\"><b>Ray Bradbury<\/b><\/span><\/span><\/div>\n<div align=\"left\" style=\"background-color: white;color: #003300;font-family: Tahoma, arial, Helvetica\"><span style=\"font-family: verdana;font-size: large\"><b><br \/><\/b><\/span><\/div>\n<div align=\"left\" style=\"background-color: white;color: #003300;font-family: Tahoma, arial, Helvetica\"><span style=\"font-family: verdana;font-size: large\">El d\u00eda siguiente ser\u00eda Navidad y, mientras los tres se dirig\u00edan a la estaci\u00f3n de naves espaciales, el padre y la madre estaban preocupados. Era el primer vuelo que el ni\u00f1o realizar\u00eda por el espacio, su primer viaje en cohete, y deseaban que fuera lo m\u00e1s agradable posible. Cuando en la aduana les obligaron a dejar el regalo porque pasaba unos pocos kilos del peso m\u00e1ximo permitido y el arbolito con sus hermosas velas blancas, sintieron que les quitaban algo muy importante para celebrar esa fiesta. El ni\u00f1o esperaba a sus padres en la terminal. Cuando estos llegaron, murmuraban algo contra los oficiales interplanetarios.<\/span><\/div>\n<div align=\"left\" style=\"background-color: white;color: #003300;font-family: Tahoma, arial, Helvetica\"><span style=\"font-family: verdana;font-size: large\"><br \/><\/span><\/div>\n<div align=\"left\" style=\"background-color: white;color: #003300;font-family: Tahoma, arial, Helvetica\"><span style=\"font-family: verdana;font-size: large\">&#8212; \u00bfQu\u00e9 haremos?<\/span><\/div>\n<div align=\"left\" style=\"background-color: white;color: #003300;font-family: Tahoma, arial, Helvetica\"><span style=\"font-family: verdana;font-size: large\">&#8212; Nada, \u00bfqu\u00e9 podemos hacer?<\/span><\/div>\n<div align=\"left\" style=\"background-color: white;color: #003300;font-family: Tahoma, arial, Helvetica\"><span style=\"font-family: verdana;font-size: large\">&#8212; \u00a1Al ni\u00f1o le hac\u00eda tanta ilusi\u00f3n el \u00e1rbol!<\/span><\/div>\n<div align=\"left\" style=\"background-color: white;color: #003300;font-family: Tahoma, arial, Helvetica\"><span style=\"font-family: verdana;font-size: large\"><br \/><\/span><\/div>\n<div align=\"left\" style=\"background-color: white;color: #003300;font-family: Tahoma, arial, Helvetica\"><span style=\"font-family: verdana;font-size: large\">La sirena aull\u00f3, y los pasajeros fueron hacia el cohete de Marte. La madre y el padre fueron los \u00faltimos en entrar. El ni\u00f1o iba entre ellos, p\u00e1lido y silencioso.<\/span><\/div>\n<div align=\"left\" style=\"background-color: white;color: #003300;font-family: Tahoma, arial, Helvetica\"><span style=\"font-family: verdana;font-size: large\"><br \/><\/span><\/div>\n<div align=\"left\" style=\"background-color: white;color: #003300;font-family: Tahoma, arial, Helvetica\"><span style=\"font-family: verdana;font-size: large\">&#8212; Ya se me ocurrir\u00e1 algo &#8211;dijo el padre.<\/span><\/div>\n<div align=\"left\" style=\"background-color: white;color: #003300;font-family: Tahoma, arial, Helvetica\"><span style=\"font-family: verdana;font-size: large\">&#8212; \u00bfQu\u00e9&#8230;? &#8211;pregunt\u00f3 el ni\u00f1o.<\/span><\/div>\n<div align=\"left\" style=\"background-color: white;color: #003300;font-family: Tahoma, arial, Helvetica\"><span style=\"font-family: verdana;font-size: large\"><br \/><\/span><\/div>\n<div align=\"left\" style=\"background-color: white;color: #003300;font-family: Tahoma, arial, Helvetica\"><span style=\"font-family: verdana;font-size: large\">El cohete despeg\u00f3 y se lanz\u00f3 hacia arriba al espacio oscuro. Lanz\u00f3 una estela de fuego y dej\u00f3 atr\u00e1s la Tierra, un 24 de diciembre de 2052, para dirigirse a un lugar donde no hab\u00eda tiempo, donde no hab\u00eda meses, ni a\u00f1os, ni horas. Los pasajeros durmieron durante el resto del primer \u00abd\u00eda\u00bb. Cerca de medianoche, hora terr\u00e1quea seg\u00fan sus relojes neyorquinos, el ni\u00f1o despert\u00f3 y dijo:<\/span><\/div>\n<div align=\"left\" style=\"background-color: white;color: #003300;font-family: Tahoma, arial, Helvetica\"><span style=\"font-family: verdana;font-size: large\"><br \/><\/span><\/div>\n<div align=\"left\" style=\"background-color: white;color: #003300;font-family: Tahoma, arial, Helvetica\"><span style=\"font-family: verdana;font-size: large\">&#8212; Quiero mirar por el ojo de buey.<\/span><\/div>\n<div align=\"left\" style=\"background-color: white;color: #003300;font-family: Tahoma, arial, Helvetica\"><span style=\"font-family: verdana;font-size: large\">&#8212; Todav\u00eda no &#8211;dijo el padre&#8211;. M\u00e1s tarde.<\/span><\/div>\n<div align=\"left\" style=\"background-color: white;color: #003300;font-family: Tahoma, arial, Helvetica\"><span style=\"font-family: verdana;font-size: large\">&#8212; Quiero ver d\u00f3nde estamos y a d\u00f3nde vamos.<\/span><\/div>\n<div align=\"left\" style=\"background-color: white;color: #003300;font-family: Tahoma, arial, Helvetica\"><span style=\"font-family: verdana;font-size: large\">&#8212; Espera un poco &#8211;dijo el padre.<\/span><\/div>\n<div align=\"left\" style=\"background-color: white;color: #003300;font-family: Tahoma, arial, Helvetica\"><span style=\"font-family: verdana;font-size: large\"><br \/><\/span><\/div>\n<div align=\"left\" style=\"background-color: white;color: #003300;font-family: Tahoma, arial, Helvetica\"><span style=\"font-family: verdana;font-size: large\">El padre hab\u00eda estado despierto, volvi\u00e9ndose a un lado y a otro, pensando en la fiesta de Navidad, en los regalos y en el \u00e1rbol con sus velas blancas que hab\u00eda tenido que dejar en la aduana. Al fin crey\u00f3 haber encontrado una idea que, si daba resultado, har\u00eda que el viaje fuera feliz y maravilloso.<\/span><\/div>\n<div align=\"left\" style=\"background-color: white;color: #003300;font-family: Tahoma, arial, Helvetica\"><span style=\"font-family: verdana;font-size: large\"><br \/><\/span><\/div>\n<div align=\"left\" style=\"background-color: white;color: #003300;font-family: Tahoma, arial, Helvetica\"><span style=\"font-family: verdana;font-size: large\">&#8212; Hijo m\u00edo &#8211;dijo&#8211;, dentro de med\u00eda hora ser\u00e1 Navidad.<\/span><\/div>\n<div align=\"left\" style=\"background-color: white;color: #003300;font-family: Tahoma, arial, Helvetica\"><span style=\"font-family: verdana;font-size: large\"><br \/><\/span><\/div>\n<div align=\"left\" style=\"background-color: white;color: #003300;font-family: Tahoma, arial, Helvetica\"><span style=\"font-family: verdana;font-size: large\">La madre lo mir\u00f3 consternada; hab\u00eda esperado que de alg\u00fan modo el ni\u00f1o lo olvidar\u00eda. El rostro del peque\u00f1o se ilumin\u00f3; le temblaron los labios.<\/span><\/div>\n<div align=\"left\" style=\"background-color: white;color: #003300;font-family: Tahoma, arial, Helvetica\"><span style=\"font-family: verdana;font-size: large\"><br \/><\/span><\/div>\n<div align=\"left\" style=\"background-color: white;color: #003300;font-family: Tahoma, arial, Helvetica\"><span style=\"font-family: verdana;font-size: large\">&#8212; S\u00ed, ya lo s\u00e9. \u00bfTendr\u00e9 un regalo? \u00bfTendr\u00e9 un \u00e1rbol? Me lo prometisteis.<\/span><\/div>\n<div align=\"left\" style=\"background-color: white;color: #003300;font-family: Tahoma, arial, Helvetica\"><span style=\"font-family: verdana;font-size: large\">&#8212; S\u00ed, s\u00ed. todo eso y mucho m\u00e1s &#8211;dijo el padre.<\/span><\/div>\n<div align=\"left\" style=\"background-color: white;color: #003300;font-family: Tahoma, arial, Helvetica\"><span style=\"font-family: verdana;font-size: large\">&#8212; Pero&#8230; &#8211;empez\u00f3 a decir la madre.<\/span><\/div>\n<div align=\"left\" style=\"background-color: white;color: #003300;font-family: Tahoma, arial, Helvetica\"><span style=\"font-family: verdana;font-size: large\">&#8212; S\u00ed &#8211;dijo el padre&#8211;. S\u00ed, de veras. Todo eso y m\u00e1s, mucho m\u00e1s. Perd\u00f3n, un momento. Vuelvo pronto.<\/span><\/div>\n<div align=\"left\" style=\"background-color: white;color: #003300;font-family: Tahoma, arial, Helvetica\"><span style=\"font-family: verdana;font-size: large\"><br \/><\/span><\/div>\n<div align=\"left\" style=\"background-color: white;color: #003300;font-family: Tahoma, arial, Helvetica\"><span style=\"font-family: verdana;font-size: large\">Los dej\u00f3 solos unos veinte minutos. Cuando regres\u00f3, sonre\u00eda.<\/span><\/div>\n<div align=\"left\" style=\"background-color: white;color: #003300;font-family: Tahoma, arial, Helvetica\"><span style=\"font-family: verdana;font-size: large\"><br \/><\/span><\/div>\n<div align=\"left\" style=\"background-color: white;color: #003300;font-family: Tahoma, arial, Helvetica\"><span style=\"font-family: verdana;font-size: large\">&#8212; Ya es casi la hora.<\/span><\/div>\n<div align=\"left\" style=\"background-color: white;color: #003300;font-family: Tahoma, arial, Helvetica\"><span style=\"font-family: verdana;font-size: large\">&#8212; \u00bfPuedo tener un reloj? &#8211;pregunt\u00f3 el ni\u00f1o.<\/span><\/div>\n<div align=\"left\" style=\"background-color: white;color: #003300;font-family: Tahoma, arial, Helvetica\"><span style=\"font-family: verdana;font-size: large\"><br \/><\/span><\/div>\n<div align=\"left\" style=\"background-color: white;color: #003300;font-family: Tahoma, arial, Helvetica\"><span style=\"font-family: verdana;font-size: large\">Le dieron el reloj, y el ni\u00f1o lo sostuvo entre los dedos: un resto del tiempo arrastrado por el fuego, el silencio y el momento insensible.<\/span><\/div>\n<div align=\"left\" style=\"background-color: white;color: #003300;font-family: Tahoma, arial, Helvetica\"><span style=\"font-family: verdana;font-size: large\"><br \/><\/span><\/div>\n<div align=\"left\" style=\"background-color: white;color: #003300;font-family: Tahoma, arial, Helvetica\"><span style=\"font-family: verdana;font-size: large\">&#8212; \u00a1Navidad! \u00a1Ya es Navidad! \u00bfD\u00f3nde est\u00e1 mi regalo?<\/span><\/div>\n<div align=\"left\" style=\"background-color: white;color: #003300;font-family: Tahoma, arial, Helvetica\"><span style=\"font-family: verdana;font-size: large\">&#8212; Ven, vamos a verlo &#8211;dijo el padre, y tom\u00f3 al ni\u00f1o de la mano.<\/span><\/div>\n<div align=\"left\" style=\"background-color: white;color: #003300;font-family: Tahoma, arial, Helvetica\"><span style=\"font-family: verdana;font-size: large\"><br \/><\/span><\/div>\n<div align=\"left\" style=\"background-color: white;color: #003300;font-family: Tahoma, arial, Helvetica\"><span style=\"font-family: verdana;font-size: large\">Salieron de la cabina, cruzaron el pasillo y subieron por una rampa. La madre los segu\u00eda.<\/span><\/div>\n<div align=\"left\" style=\"background-color: white;color: #003300;font-family: Tahoma, arial, Helvetica\"><span style=\"font-family: verdana;font-size: large\"><br \/><\/span><\/div>\n<div align=\"left\" style=\"background-color: white;color: #003300;font-family: Tahoma, arial, Helvetica\"><span style=\"font-family: verdana;font-size: large\">&#8212; No entiendo.<\/span><\/div>\n<div align=\"left\" style=\"background-color: white;color: #003300;font-family: Tahoma, arial, Helvetica\"><span style=\"font-family: verdana;font-size: large\">&#8212; Ya lo entender\u00e1s &#8211;dijo el padre&#8211;. Hemos llegado.<\/span><\/div>\n<div align=\"left\" style=\"background-color: white;color: #003300;font-family: Tahoma, arial, Helvetica\"><span style=\"font-family: verdana;font-size: large\">Se detuvieron frente a una puerta cerrada que daba a una cabina. El padre llam\u00f3 tres veces y luego dos, empleando un c\u00f3digo. La puerta se abri\u00f3, lleg\u00f3 luz desde la cabina, y se oy\u00f3 un murmullo de voces.<\/span><\/div>\n<div align=\"left\" style=\"background-color: white;color: #003300;font-family: Tahoma, arial, Helvetica\"><span style=\"font-family: verdana;font-size: large\">&#8212; Entra, hijo.<\/span><\/div>\n<div align=\"left\" style=\"background-color: white;color: #003300;font-family: Tahoma, arial, Helvetica\"><span style=\"font-family: verdana;font-size: large\">&#8212; Est\u00e1 oscuro.<\/span><\/div>\n<div align=\"left\" style=\"background-color: white;color: #003300;font-family: Tahoma, arial, Helvetica\"><span style=\"font-family: verdana;font-size: large\">&#8212; No tengas miedo, te llevar\u00e9 de la mano. Entra, mam\u00e1.<\/span><\/div>\n<div align=\"left\" style=\"background-color: white;color: #003300;font-family: Tahoma, arial, Helvetica\"><span style=\"font-family: verdana;font-size: large\"><br \/><\/span><\/div>\n<div align=\"left\" style=\"background-color: white;color: #003300;font-family: Tahoma, arial, Helvetica\"><span style=\"font-family: verdana;font-size: large\"><img loading=\"lazy\" decoding=\"async\" align=\"right\" border=\"0\" height=\"171\" src=\"http:\/\/www.navidadlatina.com\/cuentosypoesias\/Cuento2.jpg\" width=\"137\" \/>Entraron en el cuarto y la puerta se cerr\u00f3; el cuarto realmente estaba muy oscuro. Ante ellos se abr\u00eda un inmenso ojo de vidrio, el ojo de buey, una ventana de metro y medio de alto por dos de ancho, por la cual pod\u00edan ver el espacio. el ni\u00f1o se qued\u00f3 sin aliento, maravillado. Detr\u00e1s, el padre y la madre contemplaron el espect\u00e1culo, y entonces, en la oscuridad del cuarto, varias personas se pusieron a cantar.<\/span><\/div>\n<div align=\"left\" style=\"background-color: white;color: #003300;font-family: Tahoma, arial, Helvetica\"><span style=\"font-family: verdana;font-size: large\"><br \/><\/span><\/div>\n<div align=\"left\" style=\"background-color: white;color: #003300;font-family: Tahoma, arial, Helvetica\"><span style=\"font-family: verdana;font-size: large\">&#8212; Feliz Navidad, hijo &#8211;dijo el padre.<\/span><\/div>\n<div align=\"left\" style=\"background-color: white;color: #003300;font-family: Tahoma, arial, Helvetica\"><span style=\"font-family: verdana;font-size: large\"><br \/><\/span><\/div>\n<div align=\"left\" style=\"background-color: white;color: #003300;font-family: Tahoma, arial, Helvetica\"><span style=\"font-size: large\"><span style=\"font-family: verdana\">Resonaron los viejos y familiares villancicos; el ni\u00f1o avanz\u00f3 lentamente y aplast\u00f3 la nariz contra el fr\u00edo vidrio del ojo de buey. Y all\u00ed se qued\u00f3 largo rato, simplemente mirando el espacio, la noche profunda y el resplandor, el resplandor de cien mil millones de maravillosas velas blancas.<\/span>&nbsp;<\/span><\/div>\n<\/div>\n","protected":false},"excerpt":{"rendered":"<p>CUENTO DE NAVIDADRay Bradbury El d\u00eda siguiente ser\u00eda Navidad y, mientras los tres se dirig\u00edan a la estaci\u00f3n de naves espaciales, el padre y la madre estaban preocupados. Era el primer vuelo que el&#46;&#46;&#46;<\/p>\n","protected":false},"author":5007,"featured_media":0,"comment_status":"open","ping_status":"open","sticky":false,"template":"","format":"standard","meta":{"ngg_post_thumbnail":0,"footnotes":""},"categories":[1],"tags":[],"aioseo_notices":[],"_links":{"self":[{"href":"https:\/\/blogsaverroes.juntadeandalucia.es\/physicaleducation\/wp-json\/wp\/v2\/posts\/759"}],"collection":[{"href":"https:\/\/blogsaverroes.juntadeandalucia.es\/physicaleducation\/wp-json\/wp\/v2\/posts"}],"about":[{"href":"https:\/\/blogsaverroes.juntadeandalucia.es\/physicaleducation\/wp-json\/wp\/v2\/types\/post"}],"author":[{"embeddable":true,"href":"https:\/\/blogsaverroes.juntadeandalucia.es\/physicaleducation\/wp-json\/wp\/v2\/users\/5007"}],"replies":[{"embeddable":true,"href":"https:\/\/blogsaverroes.juntadeandalucia.es\/physicaleducation\/wp-json\/wp\/v2\/comments?post=759"}],"version-history":[{"count":0,"href":"https:\/\/blogsaverroes.juntadeandalucia.es\/physicaleducation\/wp-json\/wp\/v2\/posts\/759\/revisions"}],"wp:attachment":[{"href":"https:\/\/blogsaverroes.juntadeandalucia.es\/physicaleducation\/wp-json\/wp\/v2\/media?parent=759"}],"wp:term":[{"taxonomy":"category","embeddable":true,"href":"https:\/\/blogsaverroes.juntadeandalucia.es\/physicaleducation\/wp-json\/wp\/v2\/categories?post=759"},{"taxonomy":"post_tag","embeddable":true,"href":"https:\/\/blogsaverroes.juntadeandalucia.es\/physicaleducation\/wp-json\/wp\/v2\/tags?post=759"}],"curies":[{"name":"wp","href":"https:\/\/api.w.org\/{rel}","templated":true}]}}