{"id":1030,"date":"2021-05-19T09:27:15","date_gmt":"2021-05-19T07:27:15","guid":{"rendered":"https:\/\/blogsaverroes.juntadeandalucia.es\/planesyprogramascordoba\/?p=1030"},"modified":"2021-05-19T09:28:30","modified_gmt":"2021-05-19T07:28:30","slug":"jornadas-finales-de-coordinacion-del-programa-auladjaque","status":"publish","type":"post","link":"https:\/\/blogsaverroes.juntadeandalucia.es\/planesyprogramascordoba\/jornadas-finales-de-coordinacion-del-programa-auladjaque\/","title":{"rendered":"Jornadas finales de coordinaci\u00f3n del programa AULADJAQUE"},"content":{"rendered":"<p style=\"text-align: justify\">Los Programas para la Innovaci\u00f3n Educativa cuentan entre sus activos m\u00e1s importantes con las Jornadas de Coordinaci\u00f3n a las que asiste el profesorado coordinador. En el actual contexto de crisis sanitaria se hace imposible la realizaci\u00f3n de las Jornadas de Formaci\u00f3n de manera presencial y en horario matinal.<\/p>\n<p style=\"text-align: justify\">Por todo ello, de forma excepcional, y con el objetivo de distorsionar lo menos posible la actividad ordinaria de los centros, se convoca a la persona responsable de la coordinaci\u00f3n del programa AULADJAQUE a la Jornada Final de Coordinaci\u00f3n del Programa, de car\u00e1cter voluntario,\u00a0 que tendr\u00e1 lugar, en formato virtual, el d\u00eda 2 de Junio, a las 17:30 horas, en la Sala de Videoconferencias \/ Reuniones Provinciales, alojada en la Moodle del Programa que se encuentra en el Aula Virtual de Formaci\u00f3n del Profesorado de la Consejer\u00eda de Educaci\u00f3n y Deporte.<\/p>\n<p style=\"text-align: justify\">Si la persona responsable no pudiera unirse a la actividad, en su lugar puede conectarse otro\/a docente participante en el programa. Se ha enviado por correo electr\u00f3nico a los coordinadores-as del programa el enlace de conexi\u00f3n. Se adjunta con esta informaci\u00f3n el orden del d\u00eda de la actividad.<\/p>\n<p><a href=\"https:\/\/blogsaverroes.juntadeandalucia.es\/planesyprogramascordoba\/files\/2021\/05\/Orden-del-d\u00eda-jornada-final-AULADJAQUE.pdf\">Orden del d\u00eda jornada final AULADJAQUE<\/a><\/p>\n<p>&nbsp;<\/p>\n","protected":false},"excerpt":{"rendered":"<p>Los Programas para la Innovaci\u00f3n Educativa cuentan entre sus activos m\u00e1s importantes con las Jornadas de Coordinaci\u00f3n a las que asiste el profesorado coordinador. En el actual contexto de crisis sanitaria se hace imposible la realizaci\u00f3n de las Jornadas de Formaci\u00f3n de manera presencial y en horario matinal. Por todo ello, de forma excepcional, y &hellip; <\/p>\n<p><a class=\"more-link btn\" href=\"https:\/\/blogsaverroes.juntadeandalucia.es\/planesyprogramascordoba\/jornadas-finales-de-coordinacion-del-programa-auladjaque\/\">Seguir leyendo<\/a><\/p>\n","protected":false},"author":12246,"featured_media":1032,"comment_status":"open","ping_status":"open","sticky":false,"template":"","format":"standard","meta":{"ngg_post_thumbnail":0,"footnotes":""},"categories":[20],"tags":[],"aioseo_notices":[],"post_mailing_queue_ids":[],"_links":{"self":[{"href":"https:\/\/blogsaverroes.juntadeandalucia.es\/planesyprogramascordoba\/wp-json\/wp\/v2\/posts\/1030"}],"collection":[{"href":"https:\/\/blogsaverroes.juntadeandalucia.es\/planesyprogramascordoba\/wp-json\/wp\/v2\/posts"}],"about":[{"href":"https:\/\/blogsaverroes.juntadeandalucia.es\/planesyprogramascordoba\/wp-json\/wp\/v2\/types\/post"}],"author":[{"embeddable":true,"href":"https:\/\/blogsaverroes.juntadeandalucia.es\/planesyprogramascordoba\/wp-json\/wp\/v2\/users\/12246"}],"replies":[{"embeddable":true,"href":"https:\/\/blogsaverroes.juntadeandalucia.es\/planesyprogramascordoba\/wp-json\/wp\/v2\/comments?post=1030"}],"version-history":[{"count":3,"href":"https:\/\/blogsaverroes.juntadeandalucia.es\/planesyprogramascordoba\/wp-json\/wp\/v2\/posts\/1030\/revisions"}],"predecessor-version":[{"id":1035,"href":"https:\/\/blogsaverroes.juntadeandalucia.es\/planesyprogramascordoba\/wp-json\/wp\/v2\/posts\/1030\/revisions\/1035"}],"wp:featuredmedia":[{"embeddable":true,"href":"https:\/\/blogsaverroes.juntadeandalucia.es\/planesyprogramascordoba\/wp-json\/wp\/v2\/media\/1032"}],"wp:attachment":[{"href":"https:\/\/blogsaverroes.juntadeandalucia.es\/planesyprogramascordoba\/wp-json\/wp\/v2\/media?parent=1030"}],"wp:term":[{"taxonomy":"category","embeddable":true,"href":"https:\/\/blogsaverroes.juntadeandalucia.es\/planesyprogramascordoba\/wp-json\/wp\/v2\/categories?post=1030"},{"taxonomy":"post_tag","embeddable":true,"href":"https:\/\/blogsaverroes.juntadeandalucia.es\/planesyprogramascordoba\/wp-json\/wp\/v2\/tags?post=1030"}],"curies":[{"name":"wp","href":"https:\/\/api.w.org\/{rel}","templated":true}]}}