{"id":1071,"date":"2021-05-30T20:13:27","date_gmt":"2021-05-30T18:13:27","guid":{"rendered":"https:\/\/blogsaverroes.juntadeandalucia.es\/planesyprogramascordoba\/?p=1071"},"modified":"2021-05-30T20:13:27","modified_gmt":"2021-05-30T18:13:27","slug":"jornadas-finales-de-coordinacion-del-programa-auladcine","status":"publish","type":"post","link":"https:\/\/blogsaverroes.juntadeandalucia.es\/planesyprogramascordoba\/jornadas-finales-de-coordinacion-del-programa-auladcine\/","title":{"rendered":"Jornadas finales de coordinaci\u00f3n del programa AULADCINE"},"content":{"rendered":"<p style=\"text-align: justify\">Los Programas para la Innovaci\u00f3n Educativa cuentan entre sus activos m\u00e1s importantes con las Jornadas de Coordinaci\u00f3n a las que asiste el profesorado coordinador. En el actual contexto de crisis sanitaria se hace imposible la realizaci\u00f3n de las Jornadas de Formaci\u00f3n de manera presencial y en horario matinal.<\/p>\n<p style=\"text-align: justify\">El 26 de mayo de 2021 tuvo lugar la <strong>Jornada Final de Coordinaci\u00f3n<\/strong>\u00a0del programa\u00a0<strong>AULADCINE. <\/strong>En esta ocasi\u00f3n la jornada tuvo un <strong>car\u00e1cter\u00a0<\/strong><strong>regional\u00a0<\/strong>y participaron los <strong>Coordinadores y Coordinadoras\u00a0<\/strong>de\u00a0<strong>todos\u00a0<\/strong>los centros que desarrollan el programa.<\/p>\n<p style=\"text-align: justify\">La reuni\u00f3n se realiz\u00f3 a trav\u00e9s de una emisi\u00f3n en\u00a0<strong>directo\u00a0<\/strong>en el canal de\u00a0<strong><a href=\"https:\/\/www.youtube.com\/c\/auladcine\" target=\"_blank\" rel=\"noreferrer noopener\">Youtube\u00a0<\/a><\/strong>del programa, donde se puede visualizar, con los siguientes contenidos:<\/p>\n<p>1.\u00a0\u00a0\u00a0\u00a0Acogida y encuadre regional.<\/p>\n<p>2.\u00a0\u00a0\u00a0 Din\u00e1mica \u201cEVIDENTES\u201d.<\/p>\n<p>3.\u00a0\u00a0\u00a0 Necesito aclarar (dudas y consultas).<\/p>\n","protected":false},"excerpt":{"rendered":"<p>Los Programas para la Innovaci\u00f3n Educativa cuentan entre sus activos m\u00e1s importantes con las Jornadas de Coordinaci\u00f3n a las que asiste el profesorado coordinador. En el actual contexto de crisis sanitaria se hace imposible la realizaci\u00f3n de las Jornadas de Formaci\u00f3n de manera presencial y en horario matinal. El 26 de mayo de 2021 tuvo &hellip; <\/p>\n<p><a class=\"more-link btn\" href=\"https:\/\/blogsaverroes.juntadeandalucia.es\/planesyprogramascordoba\/jornadas-finales-de-coordinacion-del-programa-auladcine\/\">Seguir leyendo<\/a><\/p>\n","protected":false},"author":12246,"featured_media":1072,"comment_status":"open","ping_status":"open","sticky":false,"template":"","format":"standard","meta":{"ngg_post_thumbnail":0,"footnotes":""},"categories":[20],"tags":[],"aioseo_notices":[],"post_mailing_queue_ids":[],"_links":{"self":[{"href":"https:\/\/blogsaverroes.juntadeandalucia.es\/planesyprogramascordoba\/wp-json\/wp\/v2\/posts\/1071"}],"collection":[{"href":"https:\/\/blogsaverroes.juntadeandalucia.es\/planesyprogramascordoba\/wp-json\/wp\/v2\/posts"}],"about":[{"href":"https:\/\/blogsaverroes.juntadeandalucia.es\/planesyprogramascordoba\/wp-json\/wp\/v2\/types\/post"}],"author":[{"embeddable":true,"href":"https:\/\/blogsaverroes.juntadeandalucia.es\/planesyprogramascordoba\/wp-json\/wp\/v2\/users\/12246"}],"replies":[{"embeddable":true,"href":"https:\/\/blogsaverroes.juntadeandalucia.es\/planesyprogramascordoba\/wp-json\/wp\/v2\/comments?post=1071"}],"version-history":[{"count":1,"href":"https:\/\/blogsaverroes.juntadeandalucia.es\/planesyprogramascordoba\/wp-json\/wp\/v2\/posts\/1071\/revisions"}],"predecessor-version":[{"id":1073,"href":"https:\/\/blogsaverroes.juntadeandalucia.es\/planesyprogramascordoba\/wp-json\/wp\/v2\/posts\/1071\/revisions\/1073"}],"wp:featuredmedia":[{"embeddable":true,"href":"https:\/\/blogsaverroes.juntadeandalucia.es\/planesyprogramascordoba\/wp-json\/wp\/v2\/media\/1072"}],"wp:attachment":[{"href":"https:\/\/blogsaverroes.juntadeandalucia.es\/planesyprogramascordoba\/wp-json\/wp\/v2\/media?parent=1071"}],"wp:term":[{"taxonomy":"category","embeddable":true,"href":"https:\/\/blogsaverroes.juntadeandalucia.es\/planesyprogramascordoba\/wp-json\/wp\/v2\/categories?post=1071"},{"taxonomy":"post_tag","embeddable":true,"href":"https:\/\/blogsaverroes.juntadeandalucia.es\/planesyprogramascordoba\/wp-json\/wp\/v2\/tags?post=1071"}],"curies":[{"name":"wp","href":"https:\/\/api.w.org\/{rel}","templated":true}]}}