{"id":1703,"date":"2022-04-30T13:28:03","date_gmt":"2022-04-30T11:28:03","guid":{"rendered":"https:\/\/blogsaverroes.juntadeandalucia.es\/planesyprogramascordoba\/?p=1703"},"modified":"2022-04-30T13:29:21","modified_gmt":"2022-04-30T11:29:21","slug":"jornadas-finales-de-coordinacion-auladjaque","status":"publish","type":"post","link":"https:\/\/blogsaverroes.juntadeandalucia.es\/planesyprogramascordoba\/jornadas-finales-de-coordinacion-auladjaque\/","title":{"rendered":"JORNADAS FINALES DE COORDINACI\u00d3N AULADJAQUE"},"content":{"rendered":"<p style=\"text-align: justify\">Los Programas para la Innovaci\u00f3n Educativa cuentan entre sus activos m\u00e1s importantes con las Jornadas de Coordinaci\u00f3n a las que asiste el profesorado coordinador.<\/p>\n<p style=\"text-align: justify\">El\u00a0<strong>jueves, 5 <\/strong><strong>de mayo de 2022, <\/strong>tendr\u00e1 lugar la\u00a0<strong>Jornada Final de Coordinaci\u00f3n<\/strong>\u00a0del programa\u00a0<strong>\u201cAULADJAQUE\u201d. L<\/strong>a jornada es de <strong>car\u00e1cter\u00a0<\/strong><strong>presencial\u00a0<\/strong>y voluntario para los <strong>Coordinadores y Coordinadoras\u00a0<\/strong>de los centros que han desarrollado el programa este curso. Se realizan con el objetivo de facilitar un punto de encuentro para la reflexi\u00f3n\u00a0y el intercambio\u00a0 de\u00a0 experiencias de \u00e9xito entre los centros participantes.<\/p>\n<p style=\"text-align: justify\">La reuni\u00f3n tendr\u00e1 lugar en horario de <strong>10.30\u00a0a 13.30 horas<\/strong>\u00a0en el CEP de C\u00f3rdoba.<\/p>\n<p style=\"text-align: justify\">\n","protected":false},"excerpt":{"rendered":"<p>Los Programas para la Innovaci\u00f3n Educativa cuentan entre sus activos m\u00e1s importantes con las Jornadas de Coordinaci\u00f3n a las que asiste el profesorado coordinador. El\u00a0jueves, 5 de mayo de 2022, tendr\u00e1 lugar la\u00a0Jornada Final de Coordinaci\u00f3n\u00a0del programa\u00a0\u201cAULADJAQUE\u201d. La jornada es de car\u00e1cter\u00a0presencial\u00a0y voluntario para los Coordinadores y Coordinadoras\u00a0de los centros que han desarrollado el programa &hellip; <\/p>\n<p><a class=\"more-link btn\" href=\"https:\/\/blogsaverroes.juntadeandalucia.es\/planesyprogramascordoba\/jornadas-finales-de-coordinacion-auladjaque\/\">Seguir leyendo<\/a><\/p>\n","protected":false},"author":12246,"featured_media":1704,"comment_status":"open","ping_status":"open","sticky":false,"template":"","format":"standard","meta":{"ngg_post_thumbnail":0,"footnotes":""},"categories":[20],"tags":[],"aioseo_notices":[],"post_mailing_queue_ids":[],"_links":{"self":[{"href":"https:\/\/blogsaverroes.juntadeandalucia.es\/planesyprogramascordoba\/wp-json\/wp\/v2\/posts\/1703"}],"collection":[{"href":"https:\/\/blogsaverroes.juntadeandalucia.es\/planesyprogramascordoba\/wp-json\/wp\/v2\/posts"}],"about":[{"href":"https:\/\/blogsaverroes.juntadeandalucia.es\/planesyprogramascordoba\/wp-json\/wp\/v2\/types\/post"}],"author":[{"embeddable":true,"href":"https:\/\/blogsaverroes.juntadeandalucia.es\/planesyprogramascordoba\/wp-json\/wp\/v2\/users\/12246"}],"replies":[{"embeddable":true,"href":"https:\/\/blogsaverroes.juntadeandalucia.es\/planesyprogramascordoba\/wp-json\/wp\/v2\/comments?post=1703"}],"version-history":[{"count":3,"href":"https:\/\/blogsaverroes.juntadeandalucia.es\/planesyprogramascordoba\/wp-json\/wp\/v2\/posts\/1703\/revisions"}],"predecessor-version":[{"id":1707,"href":"https:\/\/blogsaverroes.juntadeandalucia.es\/planesyprogramascordoba\/wp-json\/wp\/v2\/posts\/1703\/revisions\/1707"}],"wp:featuredmedia":[{"embeddable":true,"href":"https:\/\/blogsaverroes.juntadeandalucia.es\/planesyprogramascordoba\/wp-json\/wp\/v2\/media\/1704"}],"wp:attachment":[{"href":"https:\/\/blogsaverroes.juntadeandalucia.es\/planesyprogramascordoba\/wp-json\/wp\/v2\/media?parent=1703"}],"wp:term":[{"taxonomy":"category","embeddable":true,"href":"https:\/\/blogsaverroes.juntadeandalucia.es\/planesyprogramascordoba\/wp-json\/wp\/v2\/categories?post=1703"},{"taxonomy":"post_tag","embeddable":true,"href":"https:\/\/blogsaverroes.juntadeandalucia.es\/planesyprogramascordoba\/wp-json\/wp\/v2\/tags?post=1703"}],"curies":[{"name":"wp","href":"https:\/\/api.w.org\/{rel}","templated":true}]}}