{"id":1722,"date":"2022-05-09T12:23:48","date_gmt":"2022-05-09T10:23:48","guid":{"rendered":"https:\/\/blogsaverroes.juntadeandalucia.es\/planesyprogramascordoba\/?p=1722"},"modified":"2022-05-09T12:23:48","modified_gmt":"2022-05-09T10:23:48","slug":"jornadas-finales-de-coordinacion-aldea-b","status":"publish","type":"post","link":"https:\/\/blogsaverroes.juntadeandalucia.es\/planesyprogramascordoba\/jornadas-finales-de-coordinacion-aldea-b\/","title":{"rendered":"JORNADAS FINALES DE COORDINACI\u00d3N ALDEA B"},"content":{"rendered":"<p style=\"text-align: justify\">Los Programas para la Innovaci\u00f3n Educativa cuentan entre sus activos m\u00e1s importantes con las Jornadas de Coordinaci\u00f3n a las que asiste el profesorado coordinador.<\/p>\n<p style=\"text-align: justify\">El\u00a0<strong>jueves, 19 <\/strong><strong>de mayo de 2022,\u00a0<\/strong>tendr\u00e1 lugar la\u00a0<strong>Jornada Final de Coordinaci\u00f3n<\/strong>\u00a0del programa\u00a0<strong>\u201cALDEA B\u201d. L<\/strong>a jornada es de\u00a0<strong>car\u00e1cter\u00a0<\/strong><strong>presencial\u00a0<\/strong>y\u00a0<strong>obligatorio<\/strong>\u00a0para los\u00a0<strong>Coordinadores y Coordinadoras\u00a0<\/strong>de los centros que han desarrollado el programa este curso. Se realizan con el objetivo de facilitar un punto de encuentro para la reflexi\u00f3n\u00a0y el intercambio\u00a0 de\u00a0 experiencias de \u00e9xito entre los centros participantes.<\/p>\n<p style=\"text-align: justify\">La reuni\u00f3n tendr\u00e1 lugar en horario de\u00a0<strong>09.30 a 13.30 horas<\/strong> en el CEP de C\u00f3rdoba.<\/p>\n","protected":false},"excerpt":{"rendered":"<p>Los Programas para la Innovaci\u00f3n Educativa cuentan entre sus activos m\u00e1s importantes con las Jornadas de Coordinaci\u00f3n a las que asiste el profesorado coordinador. El\u00a0jueves, 19 de mayo de 2022,\u00a0tendr\u00e1 lugar la\u00a0Jornada Final de Coordinaci\u00f3n\u00a0del programa\u00a0\u201cALDEA B\u201d. La jornada es de\u00a0car\u00e1cter\u00a0presencial\u00a0y\u00a0obligatorio\u00a0para los\u00a0Coordinadores y Coordinadoras\u00a0de los centros que han desarrollado el programa este curso. Se realizan &hellip; <\/p>\n<p><a class=\"more-link btn\" href=\"https:\/\/blogsaverroes.juntadeandalucia.es\/planesyprogramascordoba\/jornadas-finales-de-coordinacion-aldea-b\/\">Seguir leyendo<\/a><\/p>\n","protected":false},"author":12246,"featured_media":1723,"comment_status":"open","ping_status":"open","sticky":false,"template":"","format":"standard","meta":{"ngg_post_thumbnail":0,"footnotes":""},"categories":[20],"tags":[],"aioseo_notices":[],"post_mailing_queue_ids":[],"_links":{"self":[{"href":"https:\/\/blogsaverroes.juntadeandalucia.es\/planesyprogramascordoba\/wp-json\/wp\/v2\/posts\/1722"}],"collection":[{"href":"https:\/\/blogsaverroes.juntadeandalucia.es\/planesyprogramascordoba\/wp-json\/wp\/v2\/posts"}],"about":[{"href":"https:\/\/blogsaverroes.juntadeandalucia.es\/planesyprogramascordoba\/wp-json\/wp\/v2\/types\/post"}],"author":[{"embeddable":true,"href":"https:\/\/blogsaverroes.juntadeandalucia.es\/planesyprogramascordoba\/wp-json\/wp\/v2\/users\/12246"}],"replies":[{"embeddable":true,"href":"https:\/\/blogsaverroes.juntadeandalucia.es\/planesyprogramascordoba\/wp-json\/wp\/v2\/comments?post=1722"}],"version-history":[{"count":1,"href":"https:\/\/blogsaverroes.juntadeandalucia.es\/planesyprogramascordoba\/wp-json\/wp\/v2\/posts\/1722\/revisions"}],"predecessor-version":[{"id":1724,"href":"https:\/\/blogsaverroes.juntadeandalucia.es\/planesyprogramascordoba\/wp-json\/wp\/v2\/posts\/1722\/revisions\/1724"}],"wp:featuredmedia":[{"embeddable":true,"href":"https:\/\/blogsaverroes.juntadeandalucia.es\/planesyprogramascordoba\/wp-json\/wp\/v2\/media\/1723"}],"wp:attachment":[{"href":"https:\/\/blogsaverroes.juntadeandalucia.es\/planesyprogramascordoba\/wp-json\/wp\/v2\/media?parent=1722"}],"wp:term":[{"taxonomy":"category","embeddable":true,"href":"https:\/\/blogsaverroes.juntadeandalucia.es\/planesyprogramascordoba\/wp-json\/wp\/v2\/categories?post=1722"},{"taxonomy":"post_tag","embeddable":true,"href":"https:\/\/blogsaverroes.juntadeandalucia.es\/planesyprogramascordoba\/wp-json\/wp\/v2\/tags?post=1722"}],"curies":[{"name":"wp","href":"https:\/\/api.w.org\/{rel}","templated":true}]}}