{"id":4773,"date":"2025-03-11T23:42:44","date_gmt":"2025-03-11T22:42:44","guid":{"rendered":"https:\/\/blogsaverroes.juntadeandalucia.es\/planesyprogramascordoba\/?p=4773"},"modified":"2025-03-11T23:43:49","modified_gmt":"2025-03-11T22:43:49","slug":"la-editorial-berenice-publica-cine-y-educacion-del-escritor-fernando-molero-campos","status":"publish","type":"post","link":"https:\/\/blogsaverroes.juntadeandalucia.es\/planesyprogramascordoba\/la-editorial-berenice-publica-cine-y-educacion-del-escritor-fernando-molero-campos\/","title":{"rendered":"La editorial Berenice publica \u00abCine y educaci\u00f3n\u00bb del escritor Fernando Molero Campos"},"content":{"rendered":"<p><a href=\"https:\/\/almuzaralibros.com\/fichalibro.php?libro=9611&amp;edi=6\"><img fetchpriority=\"high\" decoding=\"async\" class=\"aligncenter wp-image-4774 size-full\" src=\"https:\/\/blogsaverroes.juntadeandalucia.es\/planesyprogramascordoba\/files\/2025\/03\/Portada-Cine-y-educacion-scaled.jpg\" alt=\"\" width=\"1594\" height=\"2560\" \/><\/a><\/p>\n<p><strong>Berenice publica <em><a href=\"https:\/\/grupoalmuzara.com\/libro\/9788410356023_ficha.pdf\">Cine y educaci\u00f3n<\/a>,<\/em> un ensayo del docente y cr\u00edtico cinematogr\u00e1fico Fernando Molero Campos<\/strong><\/p>\n<p><strong><em>La letra, con cine, entra mucho mejor<\/em><\/strong><\/p>\n<p>\u201cEl objetivo de este libro es utilizar las pel\u00edculas sobre educaci\u00f3n para hablar de la propia educaci\u00f3n y proponer valores que pudieran regir los centros educativos, entendidos estos como templos de desarrollo de los chicos y chicas, lugares de acompa\u00f1amiento en su proceso de crecimiento, evoluci\u00f3n y madurez. Su contenido, al mismo tiempo, puede convertirse en una herramienta \u00fatil tanto para quienes ejercen la docencia como para aquellos que, siendo todav\u00eda universitarios, aspiran a convertirse en un futuro inmediato en profesores y profesora\u201d, se\u00f1ala en el pr\u00f3logo el autor del este did\u00e1ctico libro, Fernando Molero Campos, profesor y cr\u00edtico de cine.<\/p>\n<p>Quien pretenda hallar en estas p\u00e1ginas una mera selecci\u00f3n explicativa de filmes sobre cine, profesores y aulas, se equivoca, pues el libro va mucho m\u00e1s all\u00e1 y sugiere una lista de 30 pel\u00edculas, las elegidas por Molero, que pueden ayudar al docente en la no siempre f\u00e1cil tarea de ense\u00f1ar. Y dentro de esa treintena est\u00e1n <em>El club de los poetas muertos<\/em> y <em>Rebeli\u00f3n en las aulas<\/em>, <em>Hoy empieza todo<\/em> y <em>Cero en conducta, Ser y tener, La ola o El colegio de animales m\u00e1gicos<\/em>, entre otros t\u00edtulos.<\/p>\n<p>Cu\u00e1ntas pel\u00edculas tenemos en la memoria en las que se narran hechos de inter\u00e9s para la asignatura de Historia, cu\u00e1ntas sobre matem\u00e1ticos y cient\u00edficos o protagonizadas por escritores de fama, deportistas de primer nivel y hechos deportivos, o <em>biopics<\/em> sobre pintores, m\u00fasicos y artistas en general. La estructura de <em>Cine y educaci\u00f3<\/em>n es la siguiente: cada pel\u00edcula cuenta con una ficha art\u00edstica, una sinopsis, el tema principal que trata, un an\u00e1lisis y un conjunto de actividades, as\u00ed como una selecci\u00f3n final de secuencias para comentar.<\/p>\n<p>Fernando Molero Campos (Fern\u00e1n N\u00fa\u00f1ez, C\u00f3rdoba, 1965) es diplomado en Magisterio, Licenciado en Humanidades y M\u00e1ster en Cinematograf\u00eda de la UCO. Es autor de doce libros, ocho de relatos, entre los que se encuentran <em>El heladero de Brooklyn<\/em> (finalista del Premio Setenil, 2011) o <em>Seres extra\u00f1os, extra\u00f1os seres<\/em> (finalista de los Premios de la Cr\u00edtica de Andaluc\u00eda en su modalidad de relato corto, 2020), o el m\u00e1s reciente titulado <em>Donde termina el mar<\/em>; y cuatro novelas, una de las cuales, <em>La cabeza cortada de Yukio Mishima<\/em>, fue publicada por el sello Berenice en 2010.<\/p>\n<p>Con sus narraciones breves ha ganado m\u00e1s de cien premios literarios. Fruto de ello, sus cuentos han sido incluidos en m\u00e1s de una treintena de publicaciones individuales y colectivas. Durante una d\u00e9cada ejerci\u00f3 como cr\u00edtico cinematogr\u00e1fico en el \u201cDiario C\u00f3rdoba\u201d, desde 2010 hasta 2018 coordin\u00f3 los \u00abEncuentros con el cine\u00bb en el IES Luis de G\u00f3ngora, y desde hace veintitr\u00e9s a\u00f1os dirige y presenta en Onda Marina Radio un programa llamado \u00abEl cine de Mr. Arkadin\u00bb.<\/p>\n<p>Aunque ha escrito y publicado algunos textos relacionados con el mundo de las pel\u00edculas y la relaci\u00f3n entre el cine y la literatura, este es su primer libro dedicado al s\u00e9ptimo arte.<\/p>\n","protected":false},"excerpt":{"rendered":"<p>Berenice publica Cine y educaci\u00f3n, un ensayo del docente y cr\u00edtico cinematogr\u00e1fico Fernando Molero Campos La letra, con cine, entra mucho mejor \u201cEl objetivo de este libro es utilizar las pel\u00edculas sobre educaci\u00f3n para hablar de la propia educaci\u00f3n y proponer valores que pudieran regir los centros educativos, entendidos estos como templos de desarrollo de &hellip; <\/p>\n<p><a class=\"more-link btn\" href=\"https:\/\/blogsaverroes.juntadeandalucia.es\/planesyprogramascordoba\/la-editorial-berenice-publica-cine-y-educacion-del-escritor-fernando-molero-campos\/\">Seguir leyendo<\/a><\/p>\n","protected":false},"author":12254,"featured_media":4774,"comment_status":"open","ping_status":"open","sticky":false,"template":"","format":"standard","meta":{"ngg_post_thumbnail":0,"footnotes":""},"categories":[25],"tags":[],"aioseo_notices":[],"post_mailing_queue_ids":[],"_links":{"self":[{"href":"https:\/\/blogsaverroes.juntadeandalucia.es\/planesyprogramascordoba\/wp-json\/wp\/v2\/posts\/4773"}],"collection":[{"href":"https:\/\/blogsaverroes.juntadeandalucia.es\/planesyprogramascordoba\/wp-json\/wp\/v2\/posts"}],"about":[{"href":"https:\/\/blogsaverroes.juntadeandalucia.es\/planesyprogramascordoba\/wp-json\/wp\/v2\/types\/post"}],"author":[{"embeddable":true,"href":"https:\/\/blogsaverroes.juntadeandalucia.es\/planesyprogramascordoba\/wp-json\/wp\/v2\/users\/12254"}],"replies":[{"embeddable":true,"href":"https:\/\/blogsaverroes.juntadeandalucia.es\/planesyprogramascordoba\/wp-json\/wp\/v2\/comments?post=4773"}],"version-history":[{"count":1,"href":"https:\/\/blogsaverroes.juntadeandalucia.es\/planesyprogramascordoba\/wp-json\/wp\/v2\/posts\/4773\/revisions"}],"predecessor-version":[{"id":4775,"href":"https:\/\/blogsaverroes.juntadeandalucia.es\/planesyprogramascordoba\/wp-json\/wp\/v2\/posts\/4773\/revisions\/4775"}],"wp:featuredmedia":[{"embeddable":true,"href":"https:\/\/blogsaverroes.juntadeandalucia.es\/planesyprogramascordoba\/wp-json\/wp\/v2\/media\/4774"}],"wp:attachment":[{"href":"https:\/\/blogsaverroes.juntadeandalucia.es\/planesyprogramascordoba\/wp-json\/wp\/v2\/media?parent=4773"}],"wp:term":[{"taxonomy":"category","embeddable":true,"href":"https:\/\/blogsaverroes.juntadeandalucia.es\/planesyprogramascordoba\/wp-json\/wp\/v2\/categories?post=4773"},{"taxonomy":"post_tag","embeddable":true,"href":"https:\/\/blogsaverroes.juntadeandalucia.es\/planesyprogramascordoba\/wp-json\/wp\/v2\/tags?post=4773"}],"curies":[{"name":"wp","href":"https:\/\/api.w.org\/{rel}","templated":true}]}}