{"id":621,"date":"2020-11-17T10:32:22","date_gmt":"2020-11-17T09:32:22","guid":{"rendered":"https:\/\/blogsaverroes.juntadeandalucia.es\/planesyprogramascordoba\/?p=621"},"modified":"2020-11-17T10:32:22","modified_gmt":"2020-11-17T09:32:22","slug":"viii-edicion-de-mi-libro-preferido","status":"publish","type":"post","link":"https:\/\/blogsaverroes.juntadeandalucia.es\/planesyprogramascordoba\/viii-edicion-de-mi-libro-preferido\/","title":{"rendered":"VIII edici\u00f3n de Mi Libro Preferido"},"content":{"rendered":"<p><img decoding=\"async\" src=\"https:\/\/portals.ced.junta-andalucia.es\/educacion\/portals\/ishare-servlet\/content\/84ea6bc0-57ce-463f-aa9f-6de3359f0393\" alt=\"MiLibroPreferido8\"\/><\/p>\n<p>&nbsp;<\/p>\n<p>La Fundaci\u00f3n Cajasol y la Fundaci\u00f3n Jos\u00e9 Manuel Lara convocan la&nbsp;<em><strong>VIII edici\u00f3n del concurso Mi libro preferido<\/strong><\/em>, un certamen escolar de fomento de la lectura y la escritura que recoge los comentarios o reflexiones escritas por alumnos y alumnas a prop\u00f3sito de un libro que hayan le\u00eddo y que les haya impresionado o gustado.<\/p>\n<div class=\"tituloCaja\">Destinatarios<\/div>\n<p><strong>Alumnado de 1\u00ba y 2\u00ba de ESO<\/strong>, matriculado en Centros Educativos de las ocho provincias andaluzas, ya sean de ense\u00f1anza p\u00fablica, concertada o privada, y que incluye, especialmente, a alumnos de IES que participan en los programas \u00abComunicA\u00bb o \u00abPLC- Proyecto Ling\u00fc\u00edstico de Centro\u00bb de la Consejer\u00eda de Educaci\u00f3n y Deporte de la Junta de Andaluc\u00eda.<\/p>\n<div class=\"tituloCaja\">Plazo<\/div>\n<p>El plazo de admisi\u00f3n de originales&nbsp;<strong>comienza el 1 de noviembre de 2020 y finaliza el 1 de marzo de 2021<\/strong>.<\/p>\n<div class=\"tituloCaja\">Presentaci\u00f3n de trabajos<\/div>\n<ul>\n<li>Los textos, de una extenci\u00f3n m\u00e1xima de 3000 caracteres con espacios, tendr\u00e1n que presentarse obligatoriamente en formato electr\u00f3nico a trav\u00e9s de un programa de edici\u00f3n de texto (Word, Open Office o similar).<\/li>\n<li>Los trabajos tendr\u00e1n que cumplir un formato de estilo, ya que debe ser presentados de forma obligatoria en cuerpo de letra 12 y fuente Arial.<\/li>\n<li>Cada documento enviado por un alumno o alumna debe llevar el nombre del autor o autora, el curso y el instituto al que pertenece.<\/li>\n<li>Cada instituto selecciona los cinco mejores trabajos de los presentados por alumnado de 1\u00ba de ESO y de 2\u00ba de ESO. Esta primera selecci\u00f3n deber\u00e1n hacerla previamente los docentes de los propios institutos. Seleccionados los cinco mejores trabajos de cada uno de los cursos o clases que participen, cada centro deber\u00e1&nbsp; enviarlos a la direcci\u00f3n de correo electr\u00f3nico habilitada:&nbsp;<a href=\"mailto:concursomilibropreferido@gmail.com?subject=Trabajos%20seleccionados%20Mi%20Libro%20Preferido\">concursomilibropreferido@gmail.com<\/a><\/li>\n<li>Como complemento opcional, junto con el relato escrito, se puede enviar un booktrailer del libro preferido por el alumno o alumna.<\/li>\n<\/ul>\n<div class=\"tituloCaja\">Premios<\/div>\n<p>De entre todos los textos presentados, un jurado elegir\u00e1 los ocho mejores (uno por cada provincia) y premiar\u00e1 a sus autores:<\/p>\n<ul>\n<li>Primer premio para los alumnos ganadores (uno por cada provincia): una tableta que incluye una selecci\u00f3n digital de lecturas juveniles, as\u00ed como un lote de libros en formato papel.<\/li>\n<li>Alumnos finalistas (tres por cada provincia): una tableta con una selecci\u00f3n digital de libros.<\/li>\n<li>Centros de los alumnos ganadores y finalistas: un lote de libros.<\/li>\n<li>Profesores representantes de los alumnos ganadores (uno por cada provincia): un libro electr\u00f3nico (e-reader).<\/li>\n<\/ul>\n<p>Asimismo, se elegir\u00e1 un \u00fanico texto como \u00abganador absoluto\u00bb, cuyo autor recibir\u00e1 \u2013junto con la tableta digital y el lote de libros- una suscripci\u00f3n anual a la plataforma Nubico, servicio de lectura digital en la nube con m\u00e1s de 30.000 libros y revistas.<\/p>\n<p>El \u00abganador absoluto\u00bb contar\u00e1 tambi\u00e9n con un premio extra: un viaje para tres personas a la ciudad de Madrid con estancia de una noche y visita guiada a la Real Academia Espa\u00f1ola y Biblioteca Nacional. El ganador\/a tendr\u00e1 que ir acompa\u00f1ado por dos adultos &nbsp;se cubrir\u00e1n gastos de desplazamiento y alojamiento, en funci\u00f3n de las condiciones sanitarias y de seguridad que marque el COVID.<\/p>\n<div class=\"tituloCaja\">Fallo del jurado y acto de entrega de premios<\/div>\n<ul>\n<li>El fallo final de este concurso se har\u00e1 p\u00fablico en el tercer trimestre del curso 2020-2021.<\/li>\n<li>El jurado estar\u00e1 integrado por destacados profesionales del mundo de la educaci\u00f3n, as\u00ed como de la literatura infantil y juvenil.<\/li>\n<li>La asistencia al acto de entrega de premios a los ganadores de cada provincia correr\u00e1 a cargo de las entidades convocantes. Los finalistas podr\u00e1n asistir a la gala de la VIII edici\u00f3n de \u2018Mi libro preferido\u2019, pero en su caso correr\u00e1n personalmente con los gastos de desplazamiento.<\/li>\n<\/ul>\n<p>&nbsp;<\/p>\n<p>MAS INFO:<\/p>\n<p><a href=\"https:\/\/www.juntadeandalucia.es\/educacion\/portals\/web\/lecturas-bibliotecas-escolares\/novedades\/-\/contenidos\/detalle\/convocada-la-viii-edicion-de-mi-libro-preferido\">https:\/\/www.juntadeandalucia.es\/educacion\/portals\/web\/lecturas-bibliotecas-escolares\/novedades\/-\/contenidos\/detalle\/convocada-la-viii-edicion-de-mi-libro-preferido<\/a><\/p>\n<p>&nbsp;<\/p>\n","protected":false},"excerpt":{"rendered":"<p>&nbsp; La Fundaci\u00f3n Cajasol y la Fundaci\u00f3n Jos\u00e9 Manuel Lara convocan la&nbsp;VIII edici\u00f3n del concurso Mi libro preferido, un certamen escolar de fomento de la lectura y la escritura que recoge los comentarios o reflexiones escritas por alumnos y alumnas a prop\u00f3sito de un libro que hayan le\u00eddo y que les haya impresionado o gustado. &hellip; <\/p>\n<p><a class=\"more-link btn\" href=\"https:\/\/blogsaverroes.juntadeandalucia.es\/planesyprogramascordoba\/viii-edicion-de-mi-libro-preferido\/\">Seguir leyendo<\/a><\/p>\n","protected":false},"author":7704,"featured_media":622,"comment_status":"open","ping_status":"open","sticky":false,"template":"","format":"standard","meta":{"ngg_post_thumbnail":0,"footnotes":""},"categories":[21],"tags":[],"aioseo_notices":[],"post_mailing_queue_ids":[],"_links":{"self":[{"href":"https:\/\/blogsaverroes.juntadeandalucia.es\/planesyprogramascordoba\/wp-json\/wp\/v2\/posts\/621"}],"collection":[{"href":"https:\/\/blogsaverroes.juntadeandalucia.es\/planesyprogramascordoba\/wp-json\/wp\/v2\/posts"}],"about":[{"href":"https:\/\/blogsaverroes.juntadeandalucia.es\/planesyprogramascordoba\/wp-json\/wp\/v2\/types\/post"}],"author":[{"embeddable":true,"href":"https:\/\/blogsaverroes.juntadeandalucia.es\/planesyprogramascordoba\/wp-json\/wp\/v2\/users\/7704"}],"replies":[{"embeddable":true,"href":"https:\/\/blogsaverroes.juntadeandalucia.es\/planesyprogramascordoba\/wp-json\/wp\/v2\/comments?post=621"}],"version-history":[{"count":1,"href":"https:\/\/blogsaverroes.juntadeandalucia.es\/planesyprogramascordoba\/wp-json\/wp\/v2\/posts\/621\/revisions"}],"predecessor-version":[{"id":623,"href":"https:\/\/blogsaverroes.juntadeandalucia.es\/planesyprogramascordoba\/wp-json\/wp\/v2\/posts\/621\/revisions\/623"}],"wp:featuredmedia":[{"embeddable":true,"href":"https:\/\/blogsaverroes.juntadeandalucia.es\/planesyprogramascordoba\/wp-json\/wp\/v2\/media\/622"}],"wp:attachment":[{"href":"https:\/\/blogsaverroes.juntadeandalucia.es\/planesyprogramascordoba\/wp-json\/wp\/v2\/media?parent=621"}],"wp:term":[{"taxonomy":"category","embeddable":true,"href":"https:\/\/blogsaverroes.juntadeandalucia.es\/planesyprogramascordoba\/wp-json\/wp\/v2\/categories?post=621"},{"taxonomy":"post_tag","embeddable":true,"href":"https:\/\/blogsaverroes.juntadeandalucia.es\/planesyprogramascordoba\/wp-json\/wp\/v2\/tags?post=621"}],"curies":[{"name":"wp","href":"https:\/\/api.w.org\/{rel}","templated":true}]}}