{"id":646,"date":"2021-01-08T11:53:57","date_gmt":"2021-01-08T10:53:57","guid":{"rendered":"https:\/\/blogsaverroes.juntadeandalucia.es\/planesyprogramascordoba\/?p=646"},"modified":"2021-01-08T12:27:34","modified_gmt":"2021-01-08T11:27:34","slug":"actividad-dia-del-reciclaje","status":"publish","type":"post","link":"https:\/\/blogsaverroes.juntadeandalucia.es\/planesyprogramascordoba\/actividad-dia-del-reciclaje\/","title":{"rendered":"ACTIVIDAD D\u00cdA DEL RECICLAJE"},"content":{"rendered":"\t\t<div data-elementor-type=\"wp-post\" data-elementor-id=\"646\" class=\"elementor elementor-646\">\n\t\t\t\t\t\t<section class=\"elementor-section elementor-top-section elementor-element elementor-element-cf11cb9 elementor-section-boxed elementor-section-height-default elementor-section-height-default\" data-id=\"cf11cb9\" data-element_type=\"section\">\n\t\t\t\t\t\t<div class=\"elementor-container elementor-column-gap-default\">\n\t\t\t\t\t<div class=\"elementor-column elementor-col-100 elementor-top-column elementor-element elementor-element-0d6bbcf\" data-id=\"0d6bbcf\" data-element_type=\"column\">\n\t\t\t<div class=\"elementor-widget-wrap elementor-element-populated\">\n\t\t\t\t\t\t<div class=\"elementor-element elementor-element-4f72202 elementor-widget elementor-widget-image\" data-id=\"4f72202\" data-element_type=\"widget\" data-widget_type=\"image.default\">\n\t\t\t\t<div class=\"elementor-widget-container\">\n\t\t\t\t\t\t\t\t\t\t\t\t\t\t\t<img fetchpriority=\"high\" decoding=\"async\" width=\"344\" height=\"259\" src=\"https:\/\/blogsaverroes.juntadeandalucia.es\/planesyprogramascordoba\/files\/2021\/01\/Captura-de-pantalla-Fotos-2.png\" class=\"attachment-full size-full wp-image-650\" alt=\"\" srcset=\"https:\/\/blogsaverroes.juntadeandalucia.es\/planesyprogramascordoba\/files\/2021\/01\/Captura-de-pantalla-Fotos-2.png 344w, https:\/\/blogsaverroes.juntadeandalucia.es\/planesyprogramascordoba\/files\/2021\/01\/Captura-de-pantalla-Fotos-2-300x226.png 300w, https:\/\/blogsaverroes.juntadeandalucia.es\/planesyprogramascordoba\/files\/2021\/01\/Captura-de-pantalla-Fotos-2-24x18.png 24w, https:\/\/blogsaverroes.juntadeandalucia.es\/planesyprogramascordoba\/files\/2021\/01\/Captura-de-pantalla-Fotos-2-36x27.png 36w, https:\/\/blogsaverroes.juntadeandalucia.es\/planesyprogramascordoba\/files\/2021\/01\/Captura-de-pantalla-Fotos-2-48x36.png 48w\" sizes=\"(max-width: 344px) 100vw, 344px\" \/>\t\t\t\t\t\t\t\t\t\t\t\t\t\t\t<\/div>\n\t\t\t\t<\/div>\n\t\t\t\t\t<\/div>\n\t\t<\/div>\n\t\t\t\t\t<\/div>\n\t\t<\/section>\n\t\t\t\t<section class=\"elementor-section elementor-top-section elementor-element elementor-element-e882182 elementor-section-boxed elementor-section-height-default elementor-section-height-default\" data-id=\"e882182\" data-element_type=\"section\">\n\t\t\t\t\t\t<div class=\"elementor-container elementor-column-gap-default\">\n\t\t\t\t\t<div class=\"elementor-column elementor-col-100 elementor-top-column elementor-element elementor-element-31645830\" data-id=\"31645830\" data-element_type=\"column\">\n\t\t\t<div class=\"elementor-widget-wrap elementor-element-populated\">\n\t\t\t\t\t\t<div class=\"elementor-element elementor-element-54c9a9af elementor-widget elementor-widget-text-editor\" data-id=\"54c9a9af\" data-element_type=\"widget\" data-widget_type=\"text-editor.default\">\n\t\t\t\t<div class=\"elementor-widget-container\">\n\t\t\t\t\t\t\t\t\t<p><span style=\"color: #000000\">El Proyecto <strong>RECAPACICLA<\/strong>, ofrece la posibilidad de desarrollar la actividad denominada <span style=\"color: #339966\"><strong>DI\u0301A DEL RECICLAJE<\/strong><\/span>, que este a\u00f1o, por las circunstancias excepcionales en la que nos encontramos se realizar\u00e1 de forma telem\u00e1tica.<\/span><\/p><p><span style=\"color: #000000\">\u00a0Esta actividad se desarrollara\u0301 en horario lectivo, durante los meses de febrero, marzo y abril con una duraci\u00f3n de 4 horas totales, 2 horas dirigidas a 3 grupos aula antes del recreo y otros 3 grupos aula despu\u00e9s del recreo, garantizando la atenci\u00f3n a los grupos de convivencia estable.<\/span><\/p><p><span style=\"color: #000000\">Pueden participar todos los centros que est\u00e9n desarrollando el proyecto Recapacicla dentro del programa ALDEA seg\u00fan criterios de priorizaci\u00f3n.<\/span><\/p><p><span style=\"color: #000000\">Para su desarrollo, los centros contar\u00e1n con el apoyo de un equipo de tres monitores de la Secretar\u00eda Educativa que realizar\u00e1 con el alumnado inscrito actividades online, de car\u00e1cter pr\u00e1ctico, l\u00fadico y participativo.<\/span><\/p><p><span style=\"color: #000000\">Con las solicitudes recibidas se seleccionar\u00e1n 20 centros en Andaluc\u00eda occidental, priorizando aquellos centros educativos seleccionados en 2019\/2020 que no pudieron desarrollar la actividad por COVID 19.<\/span><\/p><p><span style=\"color: #000000\">Una vez realizado el proceso de selecci\u00f3n, la Secretar\u00eda Educativa contactar\u00e1 con la coordinaci\u00f3n del programa ALDEA en el centro para establecer conjuntamente la fecha y horarios de realizaci\u00f3n as\u00ed como el programa definitivo de actividades adaptadas a la realidad de cada centro.<\/span><\/p><p><span style=\"color: #000000\">\u00a0Los centros interesados deben confirmar su participaci\u00f3n hasta el 15 de enero de 2021 a las 23:59 h., a trav\u00e9s del formulario de Google Drive, al que podr\u00e1\u0301 acceder desde el enlace que se le facilita<\/span><\/p><p align=\"justify\"><span style=\"color: #000000\"><span style=\"font-family: Arial, serif\"><span style=\"font-size: medium\"><a href=\"https:\/\/docs.google.com\/forms\/d\/e\/1FAIpQLScn9skZl9tvWcy63eXSZhBJ0CVQtVUg72aQNQBjheKhdC22Yg\/viewform\"><span style=\"font-size: small\"><u>INSCRIPCI\u00d3N DIA DEL RECICLAJE PRIMARIA<\/u><\/span><\/a><\/span><\/span><\/span><\/p><p align=\"justify\"><span style=\"color: #000000\"><span style=\"font-family: Arial, serif\"><span style=\"font-size: medium\"><a href=\"https:\/\/docs.google.com\/forms\/d\/e\/1FAIpQLSddMbAas8o5vddQuMSKvqYpElOw-WVni5hB0k1XTQAouSMqUQ\/viewform\"><span style=\"font-size: small\"><u>INSCRIPCI\u00d3N D\u00cdA DEL RECICLAJE SECUNDARIA<\/u><\/span><\/a><\/span><\/span><\/span><\/p>\t\t\t\t\t\t\t\t<\/div>\n\t\t\t\t<\/div>\n\t\t\t\t\t<\/div>\n\t\t<\/div>\n\t\t\t\t\t<\/div>\n\t\t<\/section>\n\t\t\t\t<\/div>\n\t\t","protected":false},"excerpt":{"rendered":"<p>El Proyecto RECAPACICLA, ofrece la posibilidad de desarrollar la actividad denominada DI\u0301A DEL RECICLAJE, que este a\u00f1o, por las circunstancias excepcionales en la que nos encontramos se realizar\u00e1 de forma telem\u00e1tica. \u00a0Esta actividad se desarrollara\u0301 en horario lectivo, durante los meses de febrero, marzo y abril con una duraci\u00f3n de 4 horas totales, 2 horas &hellip; <\/p>\n<p><a class=\"more-link btn\" href=\"https:\/\/blogsaverroes.juntadeandalucia.es\/planesyprogramascordoba\/actividad-dia-del-reciclaje\/\">Seguir leyendo<\/a><\/p>\n","protected":false},"author":10341,"featured_media":647,"comment_status":"open","ping_status":"open","sticky":false,"template":"","format":"standard","meta":{"ngg_post_thumbnail":0,"footnotes":""},"categories":[1],"tags":[],"aioseo_notices":[],"post_mailing_queue_ids":[],"_links":{"self":[{"href":"https:\/\/blogsaverroes.juntadeandalucia.es\/planesyprogramascordoba\/wp-json\/wp\/v2\/posts\/646"}],"collection":[{"href":"https:\/\/blogsaverroes.juntadeandalucia.es\/planesyprogramascordoba\/wp-json\/wp\/v2\/posts"}],"about":[{"href":"https:\/\/blogsaverroes.juntadeandalucia.es\/planesyprogramascordoba\/wp-json\/wp\/v2\/types\/post"}],"author":[{"embeddable":true,"href":"https:\/\/blogsaverroes.juntadeandalucia.es\/planesyprogramascordoba\/wp-json\/wp\/v2\/users\/10341"}],"replies":[{"embeddable":true,"href":"https:\/\/blogsaverroes.juntadeandalucia.es\/planesyprogramascordoba\/wp-json\/wp\/v2\/comments?post=646"}],"version-history":[{"count":5,"href":"https:\/\/blogsaverroes.juntadeandalucia.es\/planesyprogramascordoba\/wp-json\/wp\/v2\/posts\/646\/revisions"}],"predecessor-version":[{"id":656,"href":"https:\/\/blogsaverroes.juntadeandalucia.es\/planesyprogramascordoba\/wp-json\/wp\/v2\/posts\/646\/revisions\/656"}],"wp:featuredmedia":[{"embeddable":true,"href":"https:\/\/blogsaverroes.juntadeandalucia.es\/planesyprogramascordoba\/wp-json\/wp\/v2\/media\/647"}],"wp:attachment":[{"href":"https:\/\/blogsaverroes.juntadeandalucia.es\/planesyprogramascordoba\/wp-json\/wp\/v2\/media?parent=646"}],"wp:term":[{"taxonomy":"category","embeddable":true,"href":"https:\/\/blogsaverroes.juntadeandalucia.es\/planesyprogramascordoba\/wp-json\/wp\/v2\/categories?post=646"},{"taxonomy":"post_tag","embeddable":true,"href":"https:\/\/blogsaverroes.juntadeandalucia.es\/planesyprogramascordoba\/wp-json\/wp\/v2\/tags?post=646"}],"curies":[{"name":"wp","href":"https:\/\/api.w.org\/{rel}","templated":true}]}}