{"id":29,"date":"2020-11-25T18:53:00","date_gmt":"2020-11-25T18:53:00","guid":{"rendered":"https:\/\/blogsaverroes.juntadeandalucia.es\/planigualdadycoeducacion\/?p=29"},"modified":"2020-12-27T17:19:16","modified_gmt":"2020-12-27T17:19:16","slug":"29","status":"publish","type":"post","link":"https:\/\/blogsaverroes.juntadeandalucia.es\/planigualdadycoeducacion\/2020\/11\/25\/29\/","title":{"rendered":"ACTIVIDADES CONTRA LA VIOLENCIA DE G\u00c9NERO IES\u00bb Ruradia\u00bb 25 NOV 2020"},"content":{"rendered":"<div>&nbsp;<\/div>\n<div><span style=\"font-size: 14pt\"><strong>ACTIVIDADES CONTRA LA VIOLENCIA DE G\u00c9NERO<\/strong><\/span><\/div>\n<div>&nbsp;<\/div>\n<div><span style=\"font-family: arial, helvetica, sans-serif\">El IES \u00abRuradia\u00bb tambi\u00e9n aporta, como cada a\u00f1o, su granito de arena para visibilizar el D\u00eda Internacional de la Eliminaci\u00f3n de la Violencia contra la Mujer que se conmemora anualmente el 25 de noviembre. Y as\u00ed, a trav\u00e9s de la concienciaci\u00f3n y la participaci\u00f3n de nuestro alumnado en diversas actividades, denunciar la violencia que se ejerce sobre las mujeres en todo el mundo y reclamar pol\u00edticas en todos los pa\u00edses para su erradicaci\u00f3n.<\/span><\/div>\n<div>&nbsp;<\/div>\n<div style=\"text-align: center\">Senryu (Mini poes\u00eda Japonesa)<\/div>\n<div>&nbsp;<\/div>\n<div style=\"text-align: center\">Sentido nulo,<\/div>\n<div style=\"text-align: center\">maltrato a las mujeres.<\/div>\n<div style=\"text-align: center\">Gran lacra social.<\/div>\n<div style=\"text-align: center\"><img loading=\"lazy\" decoding=\"async\" class=\"size-medium wp-image-40 aligncenter\" src=\"https:\/\/blogsaverroes.juntadeandalucia.es\/planigualdadycoeducacion\/files\/2020\/11\/foto7_25n-300x225.jpeg\" alt=\"\" width=\"300\" height=\"225\" srcset=\"https:\/\/blogsaverroes.juntadeandalucia.es\/planigualdadycoeducacion\/files\/2020\/11\/foto7_25n-300x225.jpeg 300w, https:\/\/blogsaverroes.juntadeandalucia.es\/planigualdadycoeducacion\/files\/2020\/11\/foto7_25n-1024x768.jpeg 1024w, https:\/\/blogsaverroes.juntadeandalucia.es\/planigualdadycoeducacion\/files\/2020\/11\/foto7_25n-768x576.jpeg 768w, https:\/\/blogsaverroes.juntadeandalucia.es\/planigualdadycoeducacion\/files\/2020\/11\/foto7_25n-1536x1152.jpeg 1536w, https:\/\/blogsaverroes.juntadeandalucia.es\/planigualdadycoeducacion\/files\/2020\/11\/foto7_25n-24x18.jpeg 24w, https:\/\/blogsaverroes.juntadeandalucia.es\/planigualdadycoeducacion\/files\/2020\/11\/foto7_25n-36x27.jpeg 36w, https:\/\/blogsaverroes.juntadeandalucia.es\/planigualdadycoeducacion\/files\/2020\/11\/foto7_25n-48x36.jpeg 48w, https:\/\/blogsaverroes.juntadeandalucia.es\/planigualdadycoeducacion\/files\/2020\/11\/foto7_25n.jpeg 2048w\" sizes=\"(max-width: 300px) 100vw, 300px\" \/> <img loading=\"lazy\" decoding=\"async\" class=\"size-medium wp-image-41 aligncenter\" src=\"https:\/\/blogsaverroes.juntadeandalucia.es\/planigualdadycoeducacion\/files\/2020\/11\/foto6_25n-300x225.jpeg\" alt=\"\" width=\"300\" height=\"225\" srcset=\"https:\/\/blogsaverroes.juntadeandalucia.es\/planigualdadycoeducacion\/files\/2020\/11\/foto6_25n-300x225.jpeg 300w, https:\/\/blogsaverroes.juntadeandalucia.es\/planigualdadycoeducacion\/files\/2020\/11\/foto6_25n-1024x768.jpeg 1024w, https:\/\/blogsaverroes.juntadeandalucia.es\/planigualdadycoeducacion\/files\/2020\/11\/foto6_25n-768x576.jpeg 768w, https:\/\/blogsaverroes.juntadeandalucia.es\/planigualdadycoeducacion\/files\/2020\/11\/foto6_25n-1536x1152.jpeg 1536w, https:\/\/blogsaverroes.juntadeandalucia.es\/planigualdadycoeducacion\/files\/2020\/11\/foto6_25n-24x18.jpeg 24w, https:\/\/blogsaverroes.juntadeandalucia.es\/planigualdadycoeducacion\/files\/2020\/11\/foto6_25n-36x27.jpeg 36w, https:\/\/blogsaverroes.juntadeandalucia.es\/planigualdadycoeducacion\/files\/2020\/11\/foto6_25n-48x36.jpeg 48w, https:\/\/blogsaverroes.juntadeandalucia.es\/planigualdadycoeducacion\/files\/2020\/11\/foto6_25n.jpeg 2048w\" sizes=\"(max-width: 300px) 100vw, 300px\" \/> <img loading=\"lazy\" decoding=\"async\" class=\"size-medium wp-image-42 aligncenter\" src=\"https:\/\/blogsaverroes.juntadeandalucia.es\/planigualdadycoeducacion\/files\/2020\/11\/foto3_25n-300x225.jpeg\" alt=\"\" width=\"300\" height=\"225\" srcset=\"https:\/\/blogsaverroes.juntadeandalucia.es\/planigualdadycoeducacion\/files\/2020\/11\/foto3_25n-300x225.jpeg 300w, https:\/\/blogsaverroes.juntadeandalucia.es\/planigualdadycoeducacion\/files\/2020\/11\/foto3_25n-1024x768.jpeg 1024w, https:\/\/blogsaverroes.juntadeandalucia.es\/planigualdadycoeducacion\/files\/2020\/11\/foto3_25n-768x576.jpeg 768w, https:\/\/blogsaverroes.juntadeandalucia.es\/planigualdadycoeducacion\/files\/2020\/11\/foto3_25n-1536x1152.jpeg 1536w, https:\/\/blogsaverroes.juntadeandalucia.es\/planigualdadycoeducacion\/files\/2020\/11\/foto3_25n-24x18.jpeg 24w, https:\/\/blogsaverroes.juntadeandalucia.es\/planigualdadycoeducacion\/files\/2020\/11\/foto3_25n-36x27.jpeg 36w, https:\/\/blogsaverroes.juntadeandalucia.es\/planigualdadycoeducacion\/files\/2020\/11\/foto3_25n-48x36.jpeg 48w, https:\/\/blogsaverroes.juntadeandalucia.es\/planigualdadycoeducacion\/files\/2020\/11\/foto3_25n.jpeg 2048w\" sizes=\"(max-width: 300px) 100vw, 300px\" \/> <img loading=\"lazy\" decoding=\"async\" class=\"size-medium wp-image-43 aligncenter\" src=\"https:\/\/blogsaverroes.juntadeandalucia.es\/planigualdadycoeducacion\/files\/2020\/11\/foto2_25n-300x225.jpeg\" alt=\"\" width=\"300\" height=\"225\" srcset=\"https:\/\/blogsaverroes.juntadeandalucia.es\/planigualdadycoeducacion\/files\/2020\/11\/foto2_25n-300x225.jpeg 300w, https:\/\/blogsaverroes.juntadeandalucia.es\/planigualdadycoeducacion\/files\/2020\/11\/foto2_25n-1024x768.jpeg 1024w, https:\/\/blogsaverroes.juntadeandalucia.es\/planigualdadycoeducacion\/files\/2020\/11\/foto2_25n-768x576.jpeg 768w, https:\/\/blogsaverroes.juntadeandalucia.es\/planigualdadycoeducacion\/files\/2020\/11\/foto2_25n-1536x1152.jpeg 1536w, https:\/\/blogsaverroes.juntadeandalucia.es\/planigualdadycoeducacion\/files\/2020\/11\/foto2_25n-24x18.jpeg 24w, https:\/\/blogsaverroes.juntadeandalucia.es\/planigualdadycoeducacion\/files\/2020\/11\/foto2_25n-36x27.jpeg 36w, https:\/\/blogsaverroes.juntadeandalucia.es\/planigualdadycoeducacion\/files\/2020\/11\/foto2_25n-48x36.jpeg 48w, https:\/\/blogsaverroes.juntadeandalucia.es\/planigualdadycoeducacion\/files\/2020\/11\/foto2_25n.jpeg 2048w\" sizes=\"(max-width: 300px) 100vw, 300px\" \/> <img loading=\"lazy\" decoding=\"async\" class=\"size-medium wp-image-44 aligncenter\" src=\"https:\/\/blogsaverroes.juntadeandalucia.es\/planigualdadycoeducacion\/files\/2020\/11\/foto1_25n-169x300.jpeg\" alt=\"\" width=\"169\" height=\"300\" srcset=\"https:\/\/blogsaverroes.juntadeandalucia.es\/planigualdadycoeducacion\/files\/2020\/11\/foto1_25n-169x300.jpeg 169w, https:\/\/blogsaverroes.juntadeandalucia.es\/planigualdadycoeducacion\/files\/2020\/11\/foto1_25n-576x1024.jpeg 576w, https:\/\/blogsaverroes.juntadeandalucia.es\/planigualdadycoeducacion\/files\/2020\/11\/foto1_25n-768x1365.jpeg 768w, https:\/\/blogsaverroes.juntadeandalucia.es\/planigualdadycoeducacion\/files\/2020\/11\/foto1_25n-14x24.jpeg 14w, https:\/\/blogsaverroes.juntadeandalucia.es\/planigualdadycoeducacion\/files\/2020\/11\/foto1_25n-20x36.jpeg 20w, https:\/\/blogsaverroes.juntadeandalucia.es\/planigualdadycoeducacion\/files\/2020\/11\/foto1_25n-27x48.jpeg 27w, https:\/\/blogsaverroes.juntadeandalucia.es\/planigualdadycoeducacion\/files\/2020\/11\/foto1_25n.jpeg 828w\" sizes=\"(max-width: 169px) 100vw, 169px\" \/><\/div>\n<div style=\"text-align: center\"><img loading=\"lazy\" decoding=\"async\" class=\"size-medium wp-image-45 aligncenter\" src=\"https:\/\/blogsaverroes.juntadeandalucia.es\/planigualdadycoeducacion\/files\/2020\/11\/foto4_25n-300x225.jpeg\" alt=\"\" width=\"300\" height=\"225\" srcset=\"https:\/\/blogsaverroes.juntadeandalucia.es\/planigualdadycoeducacion\/files\/2020\/11\/foto4_25n-300x225.jpeg 300w, https:\/\/blogsaverroes.juntadeandalucia.es\/planigualdadycoeducacion\/files\/2020\/11\/foto4_25n-1024x768.jpeg 1024w, https:\/\/blogsaverroes.juntadeandalucia.es\/planigualdadycoeducacion\/files\/2020\/11\/foto4_25n-768x576.jpeg 768w, https:\/\/blogsaverroes.juntadeandalucia.es\/planigualdadycoeducacion\/files\/2020\/11\/foto4_25n-1536x1152.jpeg 1536w, https:\/\/blogsaverroes.juntadeandalucia.es\/planigualdadycoeducacion\/files\/2020\/11\/foto4_25n-24x18.jpeg 24w, https:\/\/blogsaverroes.juntadeandalucia.es\/planigualdadycoeducacion\/files\/2020\/11\/foto4_25n-36x27.jpeg 36w, https:\/\/blogsaverroes.juntadeandalucia.es\/planigualdadycoeducacion\/files\/2020\/11\/foto4_25n-48x36.jpeg 48w, https:\/\/blogsaverroes.juntadeandalucia.es\/planigualdadycoeducacion\/files\/2020\/11\/foto4_25n.jpeg 2048w\" sizes=\"(max-width: 300px) 100vw, 300px\" \/><\/div>\n<div>&nbsp;<\/div>\n<div>\n<p><img loading=\"lazy\" decoding=\"async\" class=\"size-medium wp-image-48 aligncenter\" src=\"https:\/\/blogsaverroes.juntadeandalucia.es\/planigualdadycoeducacion\/files\/2020\/11\/IMG_20201201_094525-300x225.jpg\" alt=\"\" width=\"300\" height=\"225\" srcset=\"https:\/\/blogsaverroes.juntadeandalucia.es\/planigualdadycoeducacion\/files\/2020\/11\/IMG_20201201_094525-300x225.jpg 300w, https:\/\/blogsaverroes.juntadeandalucia.es\/planigualdadycoeducacion\/files\/2020\/11\/IMG_20201201_094525-1024x768.jpg 1024w, https:\/\/blogsaverroes.juntadeandalucia.es\/planigualdadycoeducacion\/files\/2020\/11\/IMG_20201201_094525-768x576.jpg 768w, https:\/\/blogsaverroes.juntadeandalucia.es\/planigualdadycoeducacion\/files\/2020\/11\/IMG_20201201_094525-1536x1152.jpg 1536w, https:\/\/blogsaverroes.juntadeandalucia.es\/planigualdadycoeducacion\/files\/2020\/11\/IMG_20201201_094525-2048x1536.jpg 2048w, https:\/\/blogsaverroes.juntadeandalucia.es\/planigualdadycoeducacion\/files\/2020\/11\/IMG_20201201_094525-24x18.jpg 24w, https:\/\/blogsaverroes.juntadeandalucia.es\/planigualdadycoeducacion\/files\/2020\/11\/IMG_20201201_094525-36x27.jpg 36w, https:\/\/blogsaverroes.juntadeandalucia.es\/planigualdadycoeducacion\/files\/2020\/11\/IMG_20201201_094525-48x36.jpg 48w\" sizes=\"(max-width: 300px) 100vw, 300px\" \/><\/p>\n<figure id=\"attachment_49\" aria-describedby=\"caption-attachment-49\" style=\"width: 300px\" class=\"wp-caption aligncenter\"><img loading=\"lazy\" decoding=\"async\" class=\"size-medium wp-image-49\" src=\"https:\/\/blogsaverroes.juntadeandalucia.es\/planigualdadycoeducacion\/files\/2020\/11\/IMG_20201201_094538-300x225.jpg\" alt=\"\" width=\"300\" height=\"225\" srcset=\"https:\/\/blogsaverroes.juntadeandalucia.es\/planigualdadycoeducacion\/files\/2020\/11\/IMG_20201201_094538-300x225.jpg 300w, https:\/\/blogsaverroes.juntadeandalucia.es\/planigualdadycoeducacion\/files\/2020\/11\/IMG_20201201_094538-1024x768.jpg 1024w, https:\/\/blogsaverroes.juntadeandalucia.es\/planigualdadycoeducacion\/files\/2020\/11\/IMG_20201201_094538-768x576.jpg 768w, https:\/\/blogsaverroes.juntadeandalucia.es\/planigualdadycoeducacion\/files\/2020\/11\/IMG_20201201_094538-1536x1152.jpg 1536w, https:\/\/blogsaverroes.juntadeandalucia.es\/planigualdadycoeducacion\/files\/2020\/11\/IMG_20201201_094538-2048x1536.jpg 2048w, https:\/\/blogsaverroes.juntadeandalucia.es\/planigualdadycoeducacion\/files\/2020\/11\/IMG_20201201_094538-24x18.jpg 24w, https:\/\/blogsaverroes.juntadeandalucia.es\/planigualdadycoeducacion\/files\/2020\/11\/IMG_20201201_094538-36x27.jpg 36w, https:\/\/blogsaverroes.juntadeandalucia.es\/planigualdadycoeducacion\/files\/2020\/11\/IMG_20201201_094538-48x36.jpg 48w\" sizes=\"(max-width: 300px) 100vw, 300px\" \/><figcaption id=\"caption-attachment-49\" class=\"wp-caption-text\"><img loading=\"lazy\" decoding=\"async\" class=\"alignnone size-medium wp-image-47\" style=\"background-color: #ffffff;font-size: 16px\" src=\"https:\/\/blogsaverroes.juntadeandalucia.es\/planigualdadycoeducacion\/files\/2020\/11\/IMG_20201201_094555-300x225.jpg\" alt=\"\" width=\"300\" height=\"225\" srcset=\"https:\/\/blogsaverroes.juntadeandalucia.es\/planigualdadycoeducacion\/files\/2020\/11\/IMG_20201201_094555-300x225.jpg 300w, https:\/\/blogsaverroes.juntadeandalucia.es\/planigualdadycoeducacion\/files\/2020\/11\/IMG_20201201_094555-1024x768.jpg 1024w, https:\/\/blogsaverroes.juntadeandalucia.es\/planigualdadycoeducacion\/files\/2020\/11\/IMG_20201201_094555-768x576.jpg 768w, https:\/\/blogsaverroes.juntadeandalucia.es\/planigualdadycoeducacion\/files\/2020\/11\/IMG_20201201_094555-1536x1152.jpg 1536w, https:\/\/blogsaverroes.juntadeandalucia.es\/planigualdadycoeducacion\/files\/2020\/11\/IMG_20201201_094555-2048x1536.jpg 2048w, https:\/\/blogsaverroes.juntadeandalucia.es\/planigualdadycoeducacion\/files\/2020\/11\/IMG_20201201_094555-24x18.jpg 24w, https:\/\/blogsaverroes.juntadeandalucia.es\/planigualdadycoeducacion\/files\/2020\/11\/IMG_20201201_094555-36x27.jpg 36w, https:\/\/blogsaverroes.juntadeandalucia.es\/planigualdadycoeducacion\/files\/2020\/11\/IMG_20201201_094555-48x36.jpg 48w\" sizes=\"(max-width: 300px) 100vw, 300px\" \/><\/figcaption><\/figure>\n<p>&nbsp;<\/p>\n<\/div>\n","protected":false},"excerpt":{"rendered":"<p>&nbsp; ACTIVIDADES CONTRA LA VIOLENCIA DE G\u00c9NERO &nbsp; El IES \u00abRuradia\u00bb tambi\u00e9n aporta, como cada a\u00f1o, su granito de arena para visibilizar el D\u00eda Internacional de la Eliminaci\u00f3n de la Violencia contra la Mujer que se conmemora anualmente el 25 de noviembre. Y as\u00ed, a trav\u00e9s de la concienciaci\u00f3n y la participaci\u00f3n de nuestro alumnado [&hellip;]<\/p>\n","protected":false},"author":8608,"featured_media":0,"comment_status":"open","ping_status":"open","sticky":false,"template":"","format":"standard","meta":{"ngg_post_thumbnail":0,"footnotes":""},"categories":[1],"tags":[3],"aioseo_notices":[],"_links":{"self":[{"href":"https:\/\/blogsaverroes.juntadeandalucia.es\/planigualdadycoeducacion\/wp-json\/wp\/v2\/posts\/29"}],"collection":[{"href":"https:\/\/blogsaverroes.juntadeandalucia.es\/planigualdadycoeducacion\/wp-json\/wp\/v2\/posts"}],"about":[{"href":"https:\/\/blogsaverroes.juntadeandalucia.es\/planigualdadycoeducacion\/wp-json\/wp\/v2\/types\/post"}],"author":[{"embeddable":true,"href":"https:\/\/blogsaverroes.juntadeandalucia.es\/planigualdadycoeducacion\/wp-json\/wp\/v2\/users\/8608"}],"replies":[{"embeddable":true,"href":"https:\/\/blogsaverroes.juntadeandalucia.es\/planigualdadycoeducacion\/wp-json\/wp\/v2\/comments?post=29"}],"version-history":[{"count":7,"href":"https:\/\/blogsaverroes.juntadeandalucia.es\/planigualdadycoeducacion\/wp-json\/wp\/v2\/posts\/29\/revisions"}],"predecessor-version":[{"id":36,"href":"https:\/\/blogsaverroes.juntadeandalucia.es\/planigualdadycoeducacion\/wp-json\/wp\/v2\/posts\/29\/revisions\/36"}],"wp:attachment":[{"href":"https:\/\/blogsaverroes.juntadeandalucia.es\/planigualdadycoeducacion\/wp-json\/wp\/v2\/media?parent=29"}],"wp:term":[{"taxonomy":"category","embeddable":true,"href":"https:\/\/blogsaverroes.juntadeandalucia.es\/planigualdadycoeducacion\/wp-json\/wp\/v2\/categories?post=29"},{"taxonomy":"post_tag","embeddable":true,"href":"https:\/\/blogsaverroes.juntadeandalucia.es\/planigualdadycoeducacion\/wp-json\/wp\/v2\/tags?post=29"}],"curies":[{"name":"wp","href":"https:\/\/api.w.org\/{rel}","templated":true}]}}