{"id":2745,"date":"2017-06-15T11:29:25","date_gmt":"2017-06-15T11:29:25","guid":{"rendered":"http:\/\/blogsaverroes.juntadeandalucia.es\/plurilinguismoalmeria\/?p=2745"},"modified":"2017-06-15T12:00:16","modified_gmt":"2017-06-15T12:00:16","slug":"ieda-apertura-del-plazo-de-solicitud-de-idiomas-de-regimen-especial","status":"publish","type":"post","link":"https:\/\/blogsaverroes.juntadeandalucia.es\/plurilinguismoalmeria\/2017\/06\/15\/ieda-apertura-del-plazo-de-solicitud-de-idiomas-de-regimen-especial\/","title":{"rendered":"IEDA &#8211; Apertura del plazo de solicitud de Idiomas de R\u00e9gimen Especial"},"content":{"rendered":"<p>El Instituto de Ense\u00f1anzas a Distancia de Andaluc\u00eda ha abierto el plazo de solicitud en ense\u00f1anzas de idiomas de r\u00e9gimen especial.<\/p>\n<h3><strong>Plazo: 15 al 30 de junio&nbsp;a trav\u00e9s de la <a href=\"https:\/\/www.juntadeandalucia.es\/educacion\/secretariavirtual\" target=\"_blank\">Secretar\u00eda Virtual<\/a>. En caso de ser admitido\/admitida la matr\u00edcula se formalizar\u00e1 entre el 1 y el 10 de septiembre.<img fetchpriority=\"high\" decoding=\"async\" class=\"alignright\" src=\"https:\/\/pbs.twimg.com\/profile_images\/1906537915\/Ieda_Logo.PNG\" alt=\"Resultado de imagen de ieda\" width=\"177\" height=\"288\"><\/strong><\/h3>\n<h3><strong>Se puede consultar toda la informaci\u00f3n en estos enlaces:<\/strong><\/h3>\n<ul>\n<li>\n<h3><a href=\"http:\/\/www.juntadeandalucia.es\/educacion\/portals\/web\/ieda\/requisitos\" target=\"_blank\">Requisitos de acceso<\/a><\/h3>\n<h3><a href=\"http:\/\/www.juntadeandalucia.es\/educacion\/portals\/web\/educacion-permanente\/idiomas\/tramitacion\" target=\"_blank\">Tramitaci\u00f3n<\/a><\/h3>\n<h3>Como novedad este curso se ofertan <span style=\"color: #ff6600\">100 plazas para C1 y 70 para C1<\/span> Cursos de actualizaci\u00f3n ling\u00fc\u00edstica del profesorado en el idioma ingl\u00e9s<\/h3>\n<\/li>\n<\/ul>\n","protected":false},"excerpt":{"rendered":"<p>El Instituto de Ense\u00f1anzas a Distancia de Andaluc\u00eda ha abierto el plazo de solicitud en ense\u00f1anzas de idiomas de r\u00e9gimen especial. Plazo: 15 al 30 de junio&nbsp;a trav\u00e9s de la Secretar\u00eda Virtual. En caso&#46;&#46;&#46;<\/p>\n","protected":false},"author":1249,"featured_media":0,"comment_status":"open","ping_status":"open","sticky":false,"template":"","format":"standard","meta":{"footnotes":""},"categories":[1],"tags":[824,3821,21051,4016,1701],"aioseo_notices":[],"_links":{"self":[{"href":"https:\/\/blogsaverroes.juntadeandalucia.es\/plurilinguismoalmeria\/wp-json\/wp\/v2\/posts\/2745"}],"collection":[{"href":"https:\/\/blogsaverroes.juntadeandalucia.es\/plurilinguismoalmeria\/wp-json\/wp\/v2\/posts"}],"about":[{"href":"https:\/\/blogsaverroes.juntadeandalucia.es\/plurilinguismoalmeria\/wp-json\/wp\/v2\/types\/post"}],"author":[{"embeddable":true,"href":"https:\/\/blogsaverroes.juntadeandalucia.es\/plurilinguismoalmeria\/wp-json\/wp\/v2\/users\/1249"}],"replies":[{"embeddable":true,"href":"https:\/\/blogsaverroes.juntadeandalucia.es\/plurilinguismoalmeria\/wp-json\/wp\/v2\/comments?post=2745"}],"version-history":[{"count":7,"href":"https:\/\/blogsaverroes.juntadeandalucia.es\/plurilinguismoalmeria\/wp-json\/wp\/v2\/posts\/2745\/revisions"}],"predecessor-version":[{"id":2752,"href":"https:\/\/blogsaverroes.juntadeandalucia.es\/plurilinguismoalmeria\/wp-json\/wp\/v2\/posts\/2745\/revisions\/2752"}],"wp:attachment":[{"href":"https:\/\/blogsaverroes.juntadeandalucia.es\/plurilinguismoalmeria\/wp-json\/wp\/v2\/media?parent=2745"}],"wp:term":[{"taxonomy":"category","embeddable":true,"href":"https:\/\/blogsaverroes.juntadeandalucia.es\/plurilinguismoalmeria\/wp-json\/wp\/v2\/categories?post=2745"},{"taxonomy":"post_tag","embeddable":true,"href":"https:\/\/blogsaverroes.juntadeandalucia.es\/plurilinguismoalmeria\/wp-json\/wp\/v2\/tags?post=2745"}],"curies":[{"name":"wp","href":"https:\/\/api.w.org\/{rel}","templated":true}]}}