{"id":4675,"date":"2020-01-15T07:53:48","date_gmt":"2020-01-15T07:53:48","guid":{"rendered":"https:\/\/blogsaverroes.juntadeandalucia.es\/plurilinguismoalmeria\/?p=4675"},"modified":"2020-01-15T07:59:07","modified_gmt":"2020-01-15T07:59:07","slug":"flipped-classroom-invirtiendo-en-plurilinguismo","status":"publish","type":"post","link":"https:\/\/blogsaverroes.juntadeandalucia.es\/plurilinguismoalmeria\/2020\/01\/15\/flipped-classroom-invirtiendo-en-plurilinguismo\/","title":{"rendered":"Flipped Classroom: Invirtiendo en pluriling\u00fcismo"},"content":{"rendered":"<p><strong>El Centro del Profesorado de Almeria organiza para los centros de su \u00e1mbito la actividad formativa <a href=\"https:\/\/blogsaverroes.juntadeandalucia.es\/plurilinguismoalmeria\/files\/2020\/01\/Flipped-Classroom.pdf\" target=\"_blank\" rel=\"noopener noreferrer\">Flipped Classroom: Invirtiendo en pluriling\u00fcismo<\/a>.&nbsp;<\/strong><\/p>\n<p><span style=\"color: #ff6600\"><strong>El resumen de la misma es el siguiente:<\/strong><\/span><\/p>\n<ul>\n<li><strong>Es totalmente pr\u00e1ctica. Se impartir\u00e1 desarrollando la metodolog\u00eda de Flipped Classroom <\/strong><strong>que a su vez permite experimentar<\/strong><strong>&nbsp;y realizar actividades como:<\/strong><\/li>\n<\/ul>\n<p><strong>a) Creaci\u00f3n de im\u00e1genes editadas.<\/strong><\/p>\n<p><strong>b) Creaci\u00f3n de podcast.<\/strong><\/p>\n<p><strong>c) Creaci\u00f3n de v\u00eddeo editado.<\/strong><\/p>\n<p><strong>d) Creaci\u00f3n de p\u00e1gina web.<\/strong><\/p>\n<p><strong>e) Elaboraci\u00f3n de videotutorial basado en una unidad did\u00e1ctica.<\/strong><\/p>\n<p><strong>f) Elaboraci\u00f3n de formulario de evaluaci\u00f3n (r\u00fabrica).<\/strong><\/p>\n<p><strong>g) Elaboraci\u00f3n de formulario de evaluaci\u00f3n rec\u00edproca (r\u00fabrica).<\/strong><\/p>\n<p><span style=\"color: #ff6600\"><strong>Criterios de baremaci\u00f3n:<\/strong><\/span><\/p>\n<p><strong>1\u00ba Profesorado coordinador de centros biling\u00fces y pluriling\u00fces.<\/strong><\/p>\n<p><strong>2\u00ba Profesorado que imparte docencia en centros biling\u00fces y pluriling\u00fces en \u00e1reas ling\u00fc\u00edsticas y no ling\u00fc\u00edsticas.<\/strong><\/p>\n<p><strong>3\u00ba Profesorado de idiomas de centros no biling\u00fces.<img decoding=\"async\" class=\"alignleft wp-image-4680 size-medium\" src=\"https:\/\/blogsaverroes.juntadeandalucia.es\/plurilinguismoalmeria\/files\/2020\/01\/descarga-300x166.jpg\" alt=\"\" width=\"300\" height=\"166\" srcset=\"https:\/\/blogsaverroes.juntadeandalucia.es\/plurilinguismoalmeria\/files\/2020\/01\/descarga-300x166.jpg 300w, https:\/\/blogsaverroes.juntadeandalucia.es\/plurilinguismoalmeria\/files\/2020\/01\/descarga-24x13.jpg 24w, https:\/\/blogsaverroes.juntadeandalucia.es\/plurilinguismoalmeria\/files\/2020\/01\/descarga-36x20.jpg 36w, https:\/\/blogsaverroes.juntadeandalucia.es\/plurilinguismoalmeria\/files\/2020\/01\/descarga-48x27.jpg 48w, https:\/\/blogsaverroes.juntadeandalucia.es\/plurilinguismoalmeria\/files\/2020\/01\/descarga.jpg 302w\" sizes=\"(max-width: 300px) 100vw, 300px\" \/><\/strong><\/p>\n<p><strong>4\u00aa Otro profesorado<\/strong><\/p>\n<p><span style=\"color: #ff6600\"><strong>Inscripci\u00f3n:<\/strong><\/span><\/p>\n<p><strong>Plazo de inscripci\u00f3n: 04\/02\/2020.<\/strong><\/p>\n<p><strong>Publicaci\u00f3n listado de admisi\u00f3n provisional: 05\/02\/2020.<\/strong><\/p>\n<p><strong>Plazo de reclamaciones: 06\/02\/2020.<\/strong><\/p>\n<p><strong>Publicaci\u00f3n listado de admisi\u00f3n definitivo: 07\/02\/2020<\/strong><\/p>\n<p><strong>La inscripci\u00f3n se realizar\u00e1 a trav\u00e9s de S\u00e9neca CEP.<\/strong><\/p>\n<p><strong>Los listados de admisi\u00f3n se har\u00e1n p\u00fablicos en la p\u00e1gina del CEP de Almer\u00eda:&nbsp;<a href=\"http:\/\/www.cepalmeria.org\/\" target=\"_blank\" rel=\"noopener noreferrer\">http:\/\/www.cepalmeria.org<\/a>.<\/strong><\/p>\n<p><span style=\"color: #ff6600\"><strong>Deasarrollo de la actividad:<\/strong><\/span><\/p>\n<h3>11 &#8211; 12 &#8211; 18 &#8211; 19&nbsp; de febrero y 3 y 4 de marzo<\/h3>\n","protected":false},"excerpt":{"rendered":"<p>El Centro del Profesorado de Almeria organiza para los centros de su \u00e1mbito la actividad formativa Flipped Classroom: Invirtiendo en pluriling\u00fcismo.&nbsp; El resumen de la misma es el siguiente: Es totalmente pr\u00e1ctica. Se impartir\u00e1&#46;&#46;&#46;<\/p>\n","protected":false},"author":1249,"featured_media":0,"comment_status":"open","ping_status":"open","sticky":false,"template":"","format":"standard","meta":{"footnotes":""},"categories":[1],"tags":[641,1237142,824,6047],"aioseo_notices":[],"_links":{"self":[{"href":"https:\/\/blogsaverroes.juntadeandalucia.es\/plurilinguismoalmeria\/wp-json\/wp\/v2\/posts\/4675"}],"collection":[{"href":"https:\/\/blogsaverroes.juntadeandalucia.es\/plurilinguismoalmeria\/wp-json\/wp\/v2\/posts"}],"about":[{"href":"https:\/\/blogsaverroes.juntadeandalucia.es\/plurilinguismoalmeria\/wp-json\/wp\/v2\/types\/post"}],"author":[{"embeddable":true,"href":"https:\/\/blogsaverroes.juntadeandalucia.es\/plurilinguismoalmeria\/wp-json\/wp\/v2\/users\/1249"}],"replies":[{"embeddable":true,"href":"https:\/\/blogsaverroes.juntadeandalucia.es\/plurilinguismoalmeria\/wp-json\/wp\/v2\/comments?post=4675"}],"version-history":[{"count":5,"href":"https:\/\/blogsaverroes.juntadeandalucia.es\/plurilinguismoalmeria\/wp-json\/wp\/v2\/posts\/4675\/revisions"}],"predecessor-version":[{"id":4682,"href":"https:\/\/blogsaverroes.juntadeandalucia.es\/plurilinguismoalmeria\/wp-json\/wp\/v2\/posts\/4675\/revisions\/4682"}],"wp:attachment":[{"href":"https:\/\/blogsaverroes.juntadeandalucia.es\/plurilinguismoalmeria\/wp-json\/wp\/v2\/media?parent=4675"}],"wp:term":[{"taxonomy":"category","embeddable":true,"href":"https:\/\/blogsaverroes.juntadeandalucia.es\/plurilinguismoalmeria\/wp-json\/wp\/v2\/categories?post=4675"},{"taxonomy":"post_tag","embeddable":true,"href":"https:\/\/blogsaverroes.juntadeandalucia.es\/plurilinguismoalmeria\/wp-json\/wp\/v2\/tags?post=4675"}],"curies":[{"name":"wp","href":"https:\/\/api.w.org\/{rel}","templated":true}]}}