{"id":6258,"date":"2021-10-08T12:42:02","date_gmt":"2021-10-08T12:42:02","guid":{"rendered":"https:\/\/blogsaverroes.juntadeandalucia.es\/plurilinguismoalmeria\/?p=6258"},"modified":"2021-10-09T21:30:48","modified_gmt":"2021-10-09T21:30:48","slug":"6258","status":"publish","type":"post","link":"https:\/\/blogsaverroes.juntadeandalucia.es\/plurilinguismoalmeria\/2021\/10\/08\/6258\/","title":{"rendered":"1\u00aa Convocatoria Regional de Formaci\u00f3n a Distancia"},"content":{"rendered":"<p>Ya se puede consultar la oferta formativa de la 1\u00aa Convocatoria Regional de Formaci\u00f3n a Distancia de la Consejer\u00eda de Educaci\u00f3n de la Junta de Andaluc\u00eda. Plazo de inscripci\u00f3n: <strong>del 18 al 21 de octubre de 2021.<\/strong>&nbsp;&nbsp;<\/p>\n<p>Entre las 50 actividades formativas programadas, hay algunas destacables por estar de alguna manera relacionadas con la ense\u00f1anza biling\u00fce:&nbsp;<\/p>\n<ul>\n<li><em>Innovative teaching practices supported by the focused use of ICT tools in the language classroom<\/em> (c\u00f3digo 22K9906AV128)<\/li>\n<li><em>Pratiques d&#8217;enseignement innovantes soutenues par l&#8217;utilisation des tice dans la classe de langue<\/em> (c\u00f3digo 22K9911AV158)<\/li>\n<li>Atenci\u00f3n al alumnado con NEAE en centros biling\u00fces (c\u00f3digo 22K9907AV157)<\/li>\n<li>La ense\u00f1anza biling\u00fce: AICLE I (c\u00f3digo 22K9913AV062)<\/li>\n<li>Atenci\u00f3n a la diversidad en el aprendizaje de idiomas (c\u00f3digo 22K9914AV088)<\/li>\n<li>Leer, escribir, expresarse&#8230; en todas las \u00e1reas de Secundaria (c\u00f3digo 22K9915AV065)<\/li>\n<li>Expresi\u00f3n oral y escrita en el \u00e1rea de Infantil y Primaria (c\u00f3digo 22K9918AV203)<\/li>\n<li>Curso para profesorado de \u00e1reas no ling\u00fc\u00edsticas en Franc\u00e9s (c\u00f3digo 22K9926AV155)<\/li>\n<li>Curso para profesorado de \u00e1reas no ling\u00fc\u00edsticas en Ingl\u00e9s (c\u00f3digo 22K9926AV156)<\/li>\n<li>La ense\u00f1anza biling\u00fce II: profundizaci\u00f3n en la metodolog\u00eda AICLE (c\u00f3digo 22K9932AV168)<\/li>\n<\/ul>\n<p><a href=\"https:\/\/www.juntadeandalucia.es\/educacion\/secretariavirtual\/consultaCEP\/?X_CATMODACT=3&amp;C_EDIACTFOR=22K99&amp;\">Listado de actividades formativas para el curso 2021-2022<\/a><\/p>\n<p><iframe class=\"wp-embedded-content\" sandbox=\"allow-scripts\" security=\"restricted\" title=\"Copia - 1\u00aa Convocatoria regional\" frameborder='0' width='720' height='405' src='https:\/\/view.genial.ly\/615d7bcb427cba0dc9086436#?secret=lS25CReOQd' data-secret='lS25CReOQd' scrolling='yes'><\/iframe><\/p>\n","protected":false},"excerpt":{"rendered":"<p>Ya se puede consultar la oferta formativa de la 1\u00aa Convocatoria Regional de Formaci\u00f3n a Distancia de la Consejer\u00eda de Educaci\u00f3n de la Junta de Andaluc\u00eda. Plazo de inscripci\u00f3n: del 18 al 21 de&#46;&#46;&#46;<\/p>\n","protected":false},"author":10643,"featured_media":6265,"comment_status":"open","ping_status":"open","sticky":false,"template":"","format":"standard","meta":{"footnotes":""},"categories":[1237188,1237190,1,1237197,1237187],"tags":[],"aioseo_notices":[],"_links":{"self":[{"href":"https:\/\/blogsaverroes.juntadeandalucia.es\/plurilinguismoalmeria\/wp-json\/wp\/v2\/posts\/6258"}],"collection":[{"href":"https:\/\/blogsaverroes.juntadeandalucia.es\/plurilinguismoalmeria\/wp-json\/wp\/v2\/posts"}],"about":[{"href":"https:\/\/blogsaverroes.juntadeandalucia.es\/plurilinguismoalmeria\/wp-json\/wp\/v2\/types\/post"}],"author":[{"embeddable":true,"href":"https:\/\/blogsaverroes.juntadeandalucia.es\/plurilinguismoalmeria\/wp-json\/wp\/v2\/users\/10643"}],"replies":[{"embeddable":true,"href":"https:\/\/blogsaverroes.juntadeandalucia.es\/plurilinguismoalmeria\/wp-json\/wp\/v2\/comments?post=6258"}],"version-history":[{"count":5,"href":"https:\/\/blogsaverroes.juntadeandalucia.es\/plurilinguismoalmeria\/wp-json\/wp\/v2\/posts\/6258\/revisions"}],"predecessor-version":[{"id":6267,"href":"https:\/\/blogsaverroes.juntadeandalucia.es\/plurilinguismoalmeria\/wp-json\/wp\/v2\/posts\/6258\/revisions\/6267"}],"wp:featuredmedia":[{"embeddable":true,"href":"https:\/\/blogsaverroes.juntadeandalucia.es\/plurilinguismoalmeria\/wp-json\/wp\/v2\/media\/6265"}],"wp:attachment":[{"href":"https:\/\/blogsaverroes.juntadeandalucia.es\/plurilinguismoalmeria\/wp-json\/wp\/v2\/media?parent=6258"}],"wp:term":[{"taxonomy":"category","embeddable":true,"href":"https:\/\/blogsaverroes.juntadeandalucia.es\/plurilinguismoalmeria\/wp-json\/wp\/v2\/categories?post=6258"},{"taxonomy":"post_tag","embeddable":true,"href":"https:\/\/blogsaverroes.juntadeandalucia.es\/plurilinguismoalmeria\/wp-json\/wp\/v2\/tags?post=6258"}],"curies":[{"name":"wp","href":"https:\/\/api.w.org\/{rel}","templated":true}]}}