{"id":6676,"date":"2021-01-08T10:51:16","date_gmt":"2021-01-08T10:51:16","guid":{"rendered":"https:\/\/blogsaverroes.juntadeandalucia.es\/plurilinguismoalmeria\/?p=6676"},"modified":"2022-02-04T11:16:08","modified_gmt":"2022-02-04T11:16:08","slug":"6676","status":"publish","type":"post","link":"https:\/\/blogsaverroes.juntadeandalucia.es\/plurilinguismoalmeria\/2021\/01\/08\/6676\/","title":{"rendered":"10 a\u00f1os de proyectos europeos"},"content":{"rendered":"<p>El <strong>IES La Puebla<\/strong> conmemora 10 a\u00f1os de trabajo en la dimensi\u00f3n europea con una publicaci\u00f3n que relata su trayectoria en proyectos europeos desde 2010 hasta 2020. Con ello quieren difundir e informar sobre sus resultados y ponerlos a disposici\u00f3n de la comunidad educativa y los agentes sociales en general. Uno de sus proyectos \u2013&nbsp;<em>New Challenges in Interculturality for Lifelong Learning<\/em>&nbsp;\u2013 planteaba un programa ambicioso de 45 actividades formativas en el campo de la interculturalidad. Este proyecto, en s\u00ed mismo, supon\u00eda un viaje de aprendizaje, un viaje que en realidad hab\u00eda comenzado muchos a\u00f1os atr\u00e1s.<\/p>\n<p>Esta publicaci\u00f3n tambi\u00e9n refleja una experiencia particular de la dimensi\u00f3n europea de la educaci\u00f3n. Puede que esta experiencia tenga mucho en com\u00fan con otras experiencias similares y puede que, incluso, sirva de inspiraci\u00f3n a organizaciones que est\u00e9n dando los primeros pasos en el camino de la cooperaci\u00f3n europea. En cualquier caso, el IES La Puebla espera que sea un testimonio de utilidad para aquellas personas que tengan acceso a su lectura y encuentren informaci\u00f3n de inter\u00e9s en ella, as\u00ed como en su p\u00e1gina web&nbsp;<a href=\"https:\/\/www.ieslapuebla.com\/\">https:\/\/www.ieslapuebla.com<\/a><\/p>\n<p>Descargar&nbsp;<a href=\"https:\/\/blogsaverroes.juntadeandalucia.es\/plurilinguismoalmeria\/files\/2021\/01\/libro_aniversario_IESLaPuebla.pdf\">Publicaci\u00f3n Especial Conmemorativa: 10 a\u00f1os de proyectos educativos europeos en el IES La Puebla<\/a>.<\/p>\n","protected":false},"excerpt":{"rendered":"<p>El IES La Puebla conmemora 10 a\u00f1os de trabajo en la dimensi\u00f3n europea con una publicaci\u00f3n que relata su trayectoria en proyectos europeos desde 2010 hasta 2020. Con ello quieren difundir e informar sobre&#46;&#46;&#46;<\/p>\n","protected":false},"author":10643,"featured_media":5679,"comment_status":"open","ping_status":"open","sticky":false,"template":"","format":"standard","meta":{"footnotes":""},"categories":[1237191,1237179],"tags":[],"aioseo_notices":[],"_links":{"self":[{"href":"https:\/\/blogsaverroes.juntadeandalucia.es\/plurilinguismoalmeria\/wp-json\/wp\/v2\/posts\/6676"}],"collection":[{"href":"https:\/\/blogsaverroes.juntadeandalucia.es\/plurilinguismoalmeria\/wp-json\/wp\/v2\/posts"}],"about":[{"href":"https:\/\/blogsaverroes.juntadeandalucia.es\/plurilinguismoalmeria\/wp-json\/wp\/v2\/types\/post"}],"author":[{"embeddable":true,"href":"https:\/\/blogsaverroes.juntadeandalucia.es\/plurilinguismoalmeria\/wp-json\/wp\/v2\/users\/10643"}],"replies":[{"embeddable":true,"href":"https:\/\/blogsaverroes.juntadeandalucia.es\/plurilinguismoalmeria\/wp-json\/wp\/v2\/comments?post=6676"}],"version-history":[{"count":2,"href":"https:\/\/blogsaverroes.juntadeandalucia.es\/plurilinguismoalmeria\/wp-json\/wp\/v2\/posts\/6676\/revisions"}],"predecessor-version":[{"id":6679,"href":"https:\/\/blogsaverroes.juntadeandalucia.es\/plurilinguismoalmeria\/wp-json\/wp\/v2\/posts\/6676\/revisions\/6679"}],"wp:featuredmedia":[{"embeddable":true,"href":"https:\/\/blogsaverroes.juntadeandalucia.es\/plurilinguismoalmeria\/wp-json\/wp\/v2\/media\/5679"}],"wp:attachment":[{"href":"https:\/\/blogsaverroes.juntadeandalucia.es\/plurilinguismoalmeria\/wp-json\/wp\/v2\/media?parent=6676"}],"wp:term":[{"taxonomy":"category","embeddable":true,"href":"https:\/\/blogsaverroes.juntadeandalucia.es\/plurilinguismoalmeria\/wp-json\/wp\/v2\/categories?post=6676"},{"taxonomy":"post_tag","embeddable":true,"href":"https:\/\/blogsaverroes.juntadeandalucia.es\/plurilinguismoalmeria\/wp-json\/wp\/v2\/tags?post=6676"}],"curies":[{"name":"wp","href":"https:\/\/api.w.org\/{rel}","templated":true}]}}