{"id":1024,"date":"2021-09-24T14:16:28","date_gmt":"2021-09-24T12:16:28","guid":{"rendered":"https:\/\/blogsaverroes.juntadeandalucia.es\/plurilinguismocordoba\/?p=1024"},"modified":"2021-09-24T14:22:22","modified_gmt":"2021-09-24T12:22:22","slug":"1024","status":"publish","type":"post","link":"https:\/\/blogsaverroes.juntadeandalucia.es\/plurilinguismocordoba\/2021\/09\/24\/1024\/","title":{"rendered":"Centros cordobeses seleccionados para participar en estancias de inmersi\u00f3n ling\u00fc\u00edstica en oto\u00f1o &#8211; CONVOCATORIA del MEFP Curso 2021\/22"},"content":{"rendered":"<p>Enhorabuena a los tres centros cordobeses que han conseguido ser elegidos &#8211; por concurrencia competitiva &#8211; para participar en esta inmersi\u00f3n ling\u00fc\u00edstica con alumnado de 6\u00ba de Primaria y 2\u00ba ESO:<\/p>\n<p><a href=\"https:\/\/www.educacionyfp.gob.es\/servicios-al-ciudadano\/catalogo\/general\/99\/998217\/ficha\/998217-2021.html\">https:\/\/www.educacionyfp.gob.es\/servicios-al-ciudadano\/catalogo\/general\/99\/998217\/ficha\/998217-2021.html<\/a><\/p>\n","protected":false},"excerpt":{"rendered":"<p>Enhorabuena a los tres centros cordobeses que han conseguido ser elegidos &#8211; por concurrencia competitiva &#8211; para participar en esta inmersi\u00f3n ling\u00fc\u00edstica con alumnado de 6\u00ba de Primaria y 2\u00ba ESO: https:\/\/www.educacionyfp.gob.es\/servicios-al-ciudadano\/catalogo\/general\/99\/998217\/ficha\/998217-2021.html<\/p>\n","protected":false},"author":530,"featured_media":1027,"comment_status":"open","ping_status":"open","sticky":false,"template":"","format":"standard","meta":{"ngg_post_thumbnail":0,"footnotes":""},"categories":[11909],"tags":[],"aioseo_notices":[],"post_mailing_queue_ids":[],"_links":{"self":[{"href":"https:\/\/blogsaverroes.juntadeandalucia.es\/plurilinguismocordoba\/wp-json\/wp\/v2\/posts\/1024"}],"collection":[{"href":"https:\/\/blogsaverroes.juntadeandalucia.es\/plurilinguismocordoba\/wp-json\/wp\/v2\/posts"}],"about":[{"href":"https:\/\/blogsaverroes.juntadeandalucia.es\/plurilinguismocordoba\/wp-json\/wp\/v2\/types\/post"}],"author":[{"embeddable":true,"href":"https:\/\/blogsaverroes.juntadeandalucia.es\/plurilinguismocordoba\/wp-json\/wp\/v2\/users\/530"}],"replies":[{"embeddable":true,"href":"https:\/\/blogsaverroes.juntadeandalucia.es\/plurilinguismocordoba\/wp-json\/wp\/v2\/comments?post=1024"}],"version-history":[{"count":2,"href":"https:\/\/blogsaverroes.juntadeandalucia.es\/plurilinguismocordoba\/wp-json\/wp\/v2\/posts\/1024\/revisions"}],"predecessor-version":[{"id":1028,"href":"https:\/\/blogsaverroes.juntadeandalucia.es\/plurilinguismocordoba\/wp-json\/wp\/v2\/posts\/1024\/revisions\/1028"}],"wp:featuredmedia":[{"embeddable":true,"href":"https:\/\/blogsaverroes.juntadeandalucia.es\/plurilinguismocordoba\/wp-json\/wp\/v2\/media\/1027"}],"wp:attachment":[{"href":"https:\/\/blogsaverroes.juntadeandalucia.es\/plurilinguismocordoba\/wp-json\/wp\/v2\/media?parent=1024"}],"wp:term":[{"taxonomy":"category","embeddable":true,"href":"https:\/\/blogsaverroes.juntadeandalucia.es\/plurilinguismocordoba\/wp-json\/wp\/v2\/categories?post=1024"},{"taxonomy":"post_tag","embeddable":true,"href":"https:\/\/blogsaverroes.juntadeandalucia.es\/plurilinguismocordoba\/wp-json\/wp\/v2\/tags?post=1024"}],"curies":[{"name":"wp","href":"https:\/\/api.w.org\/{rel}","templated":true}]}}