{"id":2021,"date":"2023-03-21T12:29:37","date_gmt":"2023-03-21T11:29:37","guid":{"rendered":"https:\/\/blogsaverroes.juntadeandalucia.es\/plurilinguismocordoba\/?p=2021"},"modified":"2023-03-21T12:30:39","modified_gmt":"2023-03-21T11:30:39","slug":"2021","status":"publish","type":"post","link":"https:\/\/blogsaverroes.juntadeandalucia.es\/plurilinguismocordoba\/2023\/03\/21\/2021\/","title":{"rendered":"Hasta el 24 de marzo se encuentra abierto el plazo de inscripci\u00f3n en  239909KPI439.- JORNADA DE FORMACI\u00d3N TRINITY: MAKING CONNECTIONS ACROSS THE CURRICULUM"},"content":{"rendered":"<ul>\n<li><strong>239909KPI439.- JORNADA DE FORMACI\u00d3N TRINITY: MAKING CONNECTIONS ACROSS THE CURRICULUM<\/strong><br \/>\n(<a title=\"Inscripci\u00f3n y detalle en S\u00e9neca\" href=\"https:\/\/cepcordoba.us14.list-manage.com\/track\/click?u=c07fb434b548cb54838028ae3&amp;id=d15c72dda3&amp;e=a28e279360\" target=\"_blank\" rel=\"noopener noreferrer\" data-saferedirecturl=\"https:\/\/www.google.com\/url?q=https:\/\/cepcordoba.us14.list-manage.com\/track\/click?u%3Dc07fb434b548cb54838028ae3%26id%3Dd15c72dda3%26e%3Da28e279360&amp;source=gmail&amp;ust=1679483466684000&amp;usg=AOvVaw3n28Uuj5TIe9rS_upJy9xi\">Inscripci\u00f3n y detalle en S\u00e9neca<\/a>&nbsp;|&nbsp;<a title=\"D\u00edptico\" href=\"https:\/\/cepcordoba.us14.list-manage.com\/track\/click?u=c07fb434b548cb54838028ae3&amp;id=5e29abb6be&amp;e=a28e279360\" target=\"_blank\" rel=\"noopener noreferrer\" data-saferedirecturl=\"https:\/\/www.google.com\/url?q=https:\/\/cepcordoba.us14.list-manage.com\/track\/click?u%3Dc07fb434b548cb54838028ae3%26id%3D5e29abb6be%26e%3Da28e279360&amp;source=gmail&amp;ust=1679483466684000&amp;usg=AOvVaw0Q2gyIEBgx71GJ0fdDyTXn\">D\u00edptico<\/a>)<br \/>\nFecha de realizaci\u00f3n: Del 12\/04\/2023 al 08\/05\/2023<br \/>\nFin de plazo de solicitudes: 24\/03\/2023 12:00 am<\/li>\n<\/ul>\n","protected":false},"excerpt":{"rendered":"<p>239909KPI439.- JORNADA DE FORMACI\u00d3N TRINITY: MAKING CONNECTIONS ACROSS THE CURRICULUM (Inscripci\u00f3n y detalle en S\u00e9neca&nbsp;|&nbsp;D\u00edptico) Fecha de realizaci\u00f3n: Del 12\/04\/2023 al 08\/05\/2023 Fin de plazo de solicitudes: 24\/03\/2023 12:00 am<\/p>\n","protected":false},"author":530,"featured_media":2022,"comment_status":"open","ping_status":"open","sticky":false,"template":"","format":"standard","meta":{"ngg_post_thumbnail":0,"footnotes":""},"categories":[11909],"tags":[],"aioseo_notices":[],"post_mailing_queue_ids":[],"_links":{"self":[{"href":"https:\/\/blogsaverroes.juntadeandalucia.es\/plurilinguismocordoba\/wp-json\/wp\/v2\/posts\/2021"}],"collection":[{"href":"https:\/\/blogsaverroes.juntadeandalucia.es\/plurilinguismocordoba\/wp-json\/wp\/v2\/posts"}],"about":[{"href":"https:\/\/blogsaverroes.juntadeandalucia.es\/plurilinguismocordoba\/wp-json\/wp\/v2\/types\/post"}],"author":[{"embeddable":true,"href":"https:\/\/blogsaverroes.juntadeandalucia.es\/plurilinguismocordoba\/wp-json\/wp\/v2\/users\/530"}],"replies":[{"embeddable":true,"href":"https:\/\/blogsaverroes.juntadeandalucia.es\/plurilinguismocordoba\/wp-json\/wp\/v2\/comments?post=2021"}],"version-history":[{"count":2,"href":"https:\/\/blogsaverroes.juntadeandalucia.es\/plurilinguismocordoba\/wp-json\/wp\/v2\/posts\/2021\/revisions"}],"predecessor-version":[{"id":2024,"href":"https:\/\/blogsaverroes.juntadeandalucia.es\/plurilinguismocordoba\/wp-json\/wp\/v2\/posts\/2021\/revisions\/2024"}],"wp:featuredmedia":[{"embeddable":true,"href":"https:\/\/blogsaverroes.juntadeandalucia.es\/plurilinguismocordoba\/wp-json\/wp\/v2\/media\/2022"}],"wp:attachment":[{"href":"https:\/\/blogsaverroes.juntadeandalucia.es\/plurilinguismocordoba\/wp-json\/wp\/v2\/media?parent=2021"}],"wp:term":[{"taxonomy":"category","embeddable":true,"href":"https:\/\/blogsaverroes.juntadeandalucia.es\/plurilinguismocordoba\/wp-json\/wp\/v2\/categories?post=2021"},{"taxonomy":"post_tag","embeddable":true,"href":"https:\/\/blogsaverroes.juntadeandalucia.es\/plurilinguismocordoba\/wp-json\/wp\/v2\/tags?post=2021"}],"curies":[{"name":"wp","href":"https:\/\/api.w.org\/{rel}","templated":true}]}}