{"id":701,"date":"2021-05-07T08:21:36","date_gmt":"2021-05-07T06:21:36","guid":{"rendered":"https:\/\/blogsaverroes.juntadeandalucia.es\/plurilinguismocordoba\/?p=701"},"modified":"2021-05-07T12:03:28","modified_gmt":"2021-05-07T10:03:28","slug":"701","status":"publish","type":"post","link":"https:\/\/blogsaverroes.juntadeandalucia.es\/plurilinguismocordoba\/2021\/05\/07\/701\/","title":{"rendered":"Actividades destacadas con motivo de la SEMANA DE EUROPA en torno al 9 de Mayo"},"content":{"rendered":"<p align=\"justify\"><a href=\"https:\/\/www.iestrassierra.com\/\">IES TRASSIERRA&nbsp;<\/a><\/p>\n<header id=\"masthead\" class=\"site-header\">\n<div class=\"main-slider\">&nbsp;<\/div>\n<\/header>\n<div id=\"content\">\n<div class=\"container clearfix\">\n<div id=\"primary\">\n<article id=\"post-4494\" class=\"post-format format- post-4494 post type-post status-publish format-standard has-post-thumbnail hentry category-creando-y-comunicando-europa-crece category-erasmus category-maths-everywhere category-trassierra clearfix\">\n<figure class=\"post-featured-image\"><a title=\"Semana de Europa en el IES Trassierra\" href=\"https:\/\/www.iestrassierra.com\/semana-de-europa-en-el-ies-trassierra\/\"><img fetchpriority=\"high\" decoding=\"async\" class=\"attachment-post-thumbnail size-post-thumbnail wp-post-image jetpack-lazy-image jetpack-lazy-image--handled\" src=\"https:\/\/www.iestrassierra.com\/wp-content\/uploads\/2020\/12\/logoCEE.png\" alt=\"\" width=\"493\" height=\"303\" data-lazy-loaded=\"1\"><\/a><\/figure>\n<header class=\"entry-header\">\n<h2 class=\"entry-title\"><a title=\"Semana de Europa en el IES Trassierra\" href=\"https:\/\/www.iestrassierra.com\/semana-de-europa-en-el-ies-trassierra\/\">Semana de Europa en el IES Trassierra<\/a><\/h2>\n<div class=\"entry-meta\"><span class=\"author vcard\">Autor:<a title=\"IES Trassierra\" href=\"https:\/\/www.iestrassierra.com\/author\/administrador\/\"> IES Trassierra<\/a><\/span><\/div>\n<\/header>\n<div class=\"entry-content\">\n<p><span class=\"has-inline-color has-vivid-cyan-blue-color\">Comienza la&nbsp;<strong>semana de Europa<\/strong>&nbsp;en nuestro instituto<\/span>.<\/p>\n<\/div>\n<\/article>\n<article id=\"post-4475\" class=\"post-format format- post-4475 post type-post status-publish format-standard has-post-thumbnail hentry category-erasmus tag-acreditacion-erasmus-en-educacion-escolar tag-erasmus-3 tag-ies-trassierra clearfix\">\n<figure class=\"post-featured-image\"><a title=\"Acreditaci\u00f3n Erasmus y celebraci\u00f3n del d\u00eda de Europa\" href=\"https:\/\/www.iestrassierra.com\/acreditacion-erasmus-y-celebracion-del-dia-de-europa\/\"><img decoding=\"async\" class=\"attachment-post-thumbnail size-post-thumbnail wp-post-image jetpack-lazy-image jetpack-lazy-image--handled\" src=\"https:\/\/www.iestrassierra.com\/wp-content\/uploads\/2021\/04\/Screenshot_2021-04-12-Europa-en-un-minuto-por-dace-en-Genially.png\" alt=\"\" width=\"1504\" height=\"785\" data-lazy-loaded=\"1\"><\/a><\/figure>\n<header class=\"entry-header\">\n<h2 class=\"entry-title\"><a title=\"Acreditaci\u00f3n Erasmus y celebraci\u00f3n del d\u00eda de Europa\" href=\"https:\/\/www.iestrassierra.com\/acreditacion-erasmus-y-celebracion-del-dia-de-europa\/\">Acreditaci\u00f3n Erasmus y celebraci\u00f3n del d\u00eda de Europa<\/a><\/h2>\n<div class=\"entry-meta\"><span class=\"author vcard\">Autor:<a title=\"IES Trassierra\" href=\"https:\/\/www.iestrassierra.com\/author\/administrador\/\"> IES Trassierra<\/a><\/span><\/div>\n<\/header>\n<div class=\"entry-content\">\n<p>El Servicio Espa\u00f1ol para la Internacionalizaci\u00f3n de la Educaci\u00f3n (SEPIE) ha otorgado al&nbsp;<strong><span class=\"has-inline-color has-vivid-red-color\">IES Trassierra la Acreditaci\u00f3n Erasmus en Educaci\u00f3n Escolar (ESO y Bachillerato).<\/span><\/strong><\/p>\n<\/div>\n<\/article>\n<\/div>\n<\/div>\n<\/div>\n<p align=\"justify\">&nbsp;<\/p>\n<p align=\"justify\"><span style=\"font-size: 18pt\"><strong>PORTAL DE PLURILING\u00dcISMO:&nbsp;<\/strong><\/span><\/p>\n<p align=\"justify\">Hoy <strong>viernes 7 de mayo a las 12:00 horas<\/strong> acaba el plazo para presentar trabajos al <a href=\"https:\/\/portals.ced.junta-andalucia.es\/educacion\/portals\/web\/plurilinguismo\/novedades\/-\/contenidos\/detalle\/concurso-dia-de-europa-1ody8jmhf6epv\" target=\"_blank\" rel=\"noopener noreferrer\">CONCURSO ESCOLAR D\u00eda de Europa 2021<\/a>&nbsp;<\/p>\n<p align=\"justify\">El tema del certamen es&nbsp;<strong>\u00bfQu\u00e9 es para ti Europa?<\/strong><\/p>\n<p>Se propone como una tarea l\u00fadica dirigida a&nbsp;<strong>alumnos y alumnas de Primaria y Secundaria Obligatoria de todos los centros de Andaluc\u00eda&nbsp;<\/strong>y consta de 2 categor\u00edas en las que pueden participar: dibujo y narraci\u00f3n, dirigidas a alumnado de Primaria y Secundaria Obligatoria, respectivamente.<\/p>\n<p>Se establecen dos tramos de edad en el caso de Primaria: de 1\u00ba a 3\u00ba de Primaria y de 4\u00ba a 6\u00ba de Primaria.<\/p>\n<p>Se establecen&nbsp;<strong>3 premios,<\/strong>&nbsp;uno por categor\u00eda y tramo, que consistir\u00e1n en 3 Ipad 32 GB. Adem\u00e1s, se invitar\u00e1 a los ganadores a participar en los actos conmemorativos del D\u00eda de Europa 2020, donde se entregar\u00e1n los premios (si las circunstancias lo permiten).<\/p>\n<p><span style=\"font-size: 18pt\"><strong>Otros recursos de inter\u00e9s para trabajar la celebraci\u00f3n del D\u00eda de Europa:<\/strong><\/span><\/p>\n<ul>\n<li><a href=\"https:\/\/europa.eu\/learning-corner\/learning-materials_es\" target=\"_blank\" rel=\"noopener noreferrer\">https:\/\/europa.eu\/learning-corner\/learning-materials_es<\/a><\/li>\n<li><a href=\"https:\/\/www.dipucordoba.es\/europedirect\/contenidos\/63183\/pacto-verde-europeo-cuadernillo?tab\" target=\"_blank\" rel=\"noopener noreferrer\">https:\/\/www.dipucordoba.es\/europedirect\/contenidos\/63183\/pacto-verde-europeo-cuadernillo?tab<\/a>=<\/li>\n<li><a href=\"https:\/\/www.europedirectusal.es\/rinc%C3%B3n-del-docente\/\" target=\"_blank\" rel=\"noopener noreferrer\">https:\/\/www.europedirectusal.es\/rinc%C3%B3n-del-docente\/<\/a><\/li>\n<li><a href=\"https:\/\/www.comunidad.madrid\/servicios\/madrid-mundo\/recursos-educativos-ensenanza-union-europea\" target=\"_blank\" rel=\"noopener noreferrer\">https:\/\/www.comunidad.madrid\/servicios\/madrid-mundo\/recursos-educativos-ensenanza-union-europea<\/a><\/li>\n<li><a href=\"https:\/\/books.apple.com\/es\/book\/montblanc-recursos-educativos-sobre-la-uni%C3%B3n-europea\/id604806111\" target=\"_blank\" rel=\"noopener noreferrer\">https:\/\/books.apple.com\/es\/book\/montblanc-recursos-educativos-sobre-la-uni%C3%B3n-europea\/id604806111<\/a><\/li>\n<\/ul>\n<p><span style=\"font-size: 18pt\"><a href=\"https:\/\/www.canva.com\/design\/DAEc8JtefyE\/XwpgL5y80-vxLg07mp5NYg\/view?utm_content=DAEc8JtefyE&amp;utm_campaign=designshare&amp;utm_medium=link&amp;utm_source=sharebutton\" target=\"_blank\" rel=\"noopener noreferrer\">Newsletter 7<\/a><\/span>&nbsp;para auxiliares de conversaci\u00f3n, incluye referencias a esta celebraci\u00f3n para que conozcan que se puede trabajar como estimen oportuno, y de acuerdo con el profesorado de referencia, en las aulas biling\u00fces a lo largo de esta semana y la pr\u00f3xima.&nbsp;<\/p>\n<p><img decoding=\"async\" class=\"alignnone  wp-image-704\" src=\"https:\/\/blogsaverroes.juntadeandalucia.es\/plurilinguismocordoba\/files\/2021\/05\/eu-1-214x300.png\" alt=\"\" width=\"374\" height=\"524\" srcset=\"https:\/\/blogsaverroes.juntadeandalucia.es\/plurilinguismocordoba\/files\/2021\/05\/eu-1-214x300.png 214w, https:\/\/blogsaverroes.juntadeandalucia.es\/plurilinguismocordoba\/files\/2021\/05\/eu-1.png 667w\" sizes=\"(max-width: 374px) 100vw, 374px\" \/><\/p>\n<p>&nbsp;<\/p>\n<p>&nbsp;<\/p>\n","protected":false},"excerpt":{"rendered":"<p>IES TRASSIERRA&nbsp; &nbsp; Semana de Europa en el IES Trassierra Autor: IES Trassierra Comienza la&nbsp;semana de Europa&nbsp;en nuestro instituto. Acreditaci\u00f3n Erasmus y celebraci\u00f3n del d\u00eda de Europa Autor: IES Trassierra El Servicio Espa\u00f1ol para la Internacionalizaci\u00f3n de la Educaci\u00f3n (SEPIE) ha otorgado al&nbsp;IES Trassierra la Acreditaci\u00f3n Erasmus en Educaci\u00f3n Escolar (ESO y Bachillerato). &nbsp; PORTAL &hellip; <\/p>\n<p><a class=\"more-link btn\" href=\"https:\/\/blogsaverroes.juntadeandalucia.es\/plurilinguismocordoba\/2021\/05\/07\/701\/\">Seguir leyendo<\/a><\/p>\n","protected":false},"author":530,"featured_media":708,"comment_status":"open","ping_status":"open","sticky":false,"template":"","format":"standard","meta":{"ngg_post_thumbnail":0,"footnotes":""},"categories":[11909],"tags":[],"aioseo_notices":[],"post_mailing_queue_ids":[],"_links":{"self":[{"href":"https:\/\/blogsaverroes.juntadeandalucia.es\/plurilinguismocordoba\/wp-json\/wp\/v2\/posts\/701"}],"collection":[{"href":"https:\/\/blogsaverroes.juntadeandalucia.es\/plurilinguismocordoba\/wp-json\/wp\/v2\/posts"}],"about":[{"href":"https:\/\/blogsaverroes.juntadeandalucia.es\/plurilinguismocordoba\/wp-json\/wp\/v2\/types\/post"}],"author":[{"embeddable":true,"href":"https:\/\/blogsaverroes.juntadeandalucia.es\/plurilinguismocordoba\/wp-json\/wp\/v2\/users\/530"}],"replies":[{"embeddable":true,"href":"https:\/\/blogsaverroes.juntadeandalucia.es\/plurilinguismocordoba\/wp-json\/wp\/v2\/comments?post=701"}],"version-history":[{"count":5,"href":"https:\/\/blogsaverroes.juntadeandalucia.es\/plurilinguismocordoba\/wp-json\/wp\/v2\/posts\/701\/revisions"}],"predecessor-version":[{"id":721,"href":"https:\/\/blogsaverroes.juntadeandalucia.es\/plurilinguismocordoba\/wp-json\/wp\/v2\/posts\/701\/revisions\/721"}],"wp:featuredmedia":[{"embeddable":true,"href":"https:\/\/blogsaverroes.juntadeandalucia.es\/plurilinguismocordoba\/wp-json\/wp\/v2\/media\/708"}],"wp:attachment":[{"href":"https:\/\/blogsaverroes.juntadeandalucia.es\/plurilinguismocordoba\/wp-json\/wp\/v2\/media?parent=701"}],"wp:term":[{"taxonomy":"category","embeddable":true,"href":"https:\/\/blogsaverroes.juntadeandalucia.es\/plurilinguismocordoba\/wp-json\/wp\/v2\/categories?post=701"},{"taxonomy":"post_tag","embeddable":true,"href":"https:\/\/blogsaverroes.juntadeandalucia.es\/plurilinguismocordoba\/wp-json\/wp\/v2\/tags?post=701"}],"curies":[{"name":"wp","href":"https:\/\/api.w.org\/{rel}","templated":true}]}}