{"id":1744,"date":"2023-03-24T08:32:24","date_gmt":"2023-03-24T07:32:24","guid":{"rendered":"https:\/\/blogsaverroes.juntadeandalucia.es\/plurilinguismodelegacioncadiz\/?p=1744"},"modified":"2023-03-24T08:37:00","modified_gmt":"2023-03-24T07:37:00","slug":"convocatoria-de-secciones-bilingues-en-europa-central-oriental-y-china","status":"publish","type":"post","link":"https:\/\/blogsaverroes.juntadeandalucia.es\/plurilinguismodelegacioncadiz\/2023\/03\/24\/convocatoria-de-secciones-bilingues-en-europa-central-oriental-y-china\/","title":{"rendered":"Convocatoria de Secciones Biling\u00fces en Europa Central, Oriental y China"},"content":{"rendered":"<p>Se convocan plazas de profesores en secciones biling\u00fces de espa\u00f1ol en centros educativos de Bulgaria, China, Eslovaquia, Hungr\u00eda, Polonia, Rep\u00fablica Checa, Ruman\u00eda y Rusia para el curso 2023-2024.<\/p>\n<p><a href=\"https:\/\/blogsaverroes.juntadeandalucia.es\/plurilinguismodelegacioncadiz\/files\/2023\/03\/Convocatoria-Plazas-en-el-extranjero-2023.pdf\">Convocatoria Plazas en el extranjero 2023<\/a><\/p>\n<p><a href=\"https:\/\/www.educacionyfp.gob.es\/en\/servicios-al-ciudadano\/catalogo\/profesorado\/convocatorias-para-el-extranjero\/secciones-bilingues.html\">\u2297<\/a> Ministerio de Educaci\u00f3n<\/p>\n","protected":false},"excerpt":{"rendered":"<p>Se convocan plazas de profesores en secciones biling\u00fces de espa\u00f1ol en centros educativos de Bulgaria, China, Eslovaquia, Hungr\u00eda, Polonia, Rep\u00fablica&#46;&#46;&#46;<\/p>\n","protected":false},"author":7804,"featured_media":1746,"comment_status":"open","ping_status":"open","sticky":false,"template":"","format":"aside","meta":{"ngg_post_thumbnail":0,"footnotes":""},"categories":[792309,11909],"tags":[],"aioseo_notices":[],"_links":{"self":[{"href":"https:\/\/blogsaverroes.juntadeandalucia.es\/plurilinguismodelegacioncadiz\/wp-json\/wp\/v2\/posts\/1744"}],"collection":[{"href":"https:\/\/blogsaverroes.juntadeandalucia.es\/plurilinguismodelegacioncadiz\/wp-json\/wp\/v2\/posts"}],"about":[{"href":"https:\/\/blogsaverroes.juntadeandalucia.es\/plurilinguismodelegacioncadiz\/wp-json\/wp\/v2\/types\/post"}],"author":[{"embeddable":true,"href":"https:\/\/blogsaverroes.juntadeandalucia.es\/plurilinguismodelegacioncadiz\/wp-json\/wp\/v2\/users\/7804"}],"replies":[{"embeddable":true,"href":"https:\/\/blogsaverroes.juntadeandalucia.es\/plurilinguismodelegacioncadiz\/wp-json\/wp\/v2\/comments?post=1744"}],"version-history":[{"count":3,"href":"https:\/\/blogsaverroes.juntadeandalucia.es\/plurilinguismodelegacioncadiz\/wp-json\/wp\/v2\/posts\/1744\/revisions"}],"predecessor-version":[{"id":1749,"href":"https:\/\/blogsaverroes.juntadeandalucia.es\/plurilinguismodelegacioncadiz\/wp-json\/wp\/v2\/posts\/1744\/revisions\/1749"}],"wp:featuredmedia":[{"embeddable":true,"href":"https:\/\/blogsaverroes.juntadeandalucia.es\/plurilinguismodelegacioncadiz\/wp-json\/wp\/v2\/media\/1746"}],"wp:attachment":[{"href":"https:\/\/blogsaverroes.juntadeandalucia.es\/plurilinguismodelegacioncadiz\/wp-json\/wp\/v2\/media?parent=1744"}],"wp:term":[{"taxonomy":"category","embeddable":true,"href":"https:\/\/blogsaverroes.juntadeandalucia.es\/plurilinguismodelegacioncadiz\/wp-json\/wp\/v2\/categories?post=1744"},{"taxonomy":"post_tag","embeddable":true,"href":"https:\/\/blogsaverroes.juntadeandalucia.es\/plurilinguismodelegacioncadiz\/wp-json\/wp\/v2\/tags?post=1744"}],"curies":[{"name":"wp","href":"https:\/\/api.w.org\/{rel}","templated":true}]}}