{"id":2012,"date":"2024-02-05T09:09:31","date_gmt":"2024-02-05T08:09:31","guid":{"rendered":"https:\/\/blogsaverroes.juntadeandalucia.es\/plurilinguismodelegacioncadiz\/?p=2012"},"modified":"2024-02-05T10:07:57","modified_gmt":"2024-02-05T09:07:57","slug":"dia-internacional-de-la-francofonia","status":"publish","type":"post","link":"https:\/\/blogsaverroes.juntadeandalucia.es\/plurilinguismodelegacioncadiz\/2024\/02\/05\/dia-internacional-de-la-francofonia\/","title":{"rendered":"D\u00cdA INTERNACIONAL DE LA FRANCOFON\u00cdA"},"content":{"rendered":"<div>\n<p>El servicio de cooperaci\u00f3n educativa y ling\u00fc\u00edstica del <strong>Institut fran\u00e7ais d&#8217;Espagne<\/strong> vuelve en febrero con su ciclo de webinarios informativos sobre sus actividades en Espa\u00f1a. Cada mes, tendr\u00e1n lugar webinarios sobre diferentes temas.&nbsp;<\/p>\n<p>El jueves 8 de febrero tendr\u00e1 lugar el tercero webinario sobre el Mes de la <strong>FRANCOFON\u00cdA<\/strong>. Este a\u00f1o, tendr\u00e1 lugar la Cumbre de la Francofon\u00eda en la Cit\u00e9 internationale de la langue fran\u00e7aise de Villers-Cotter\u00eats el 4 de octubre. En este marco, la celebraci\u00f3n de la francofon\u00eda que empieza en marzo con el <strong>Mes de francofon\u00eda<\/strong> se extender\u00e1 durante todo el a\u00f1o. Durante el webinario, se presentar\u00e1n los recursos pedag\u00f3gicos de varios socios del Institut fran\u00e7ais d&#8217;Espagne as\u00ed como nuestra programaci\u00f3n a lo largo del a\u00f1o.&nbsp;<\/p>\n<\/div>\n<div>Para participar, inscr\u00edbase en el siguiente enlace :&nbsp;<a class=\"moz-txt-link-freetext\" href=\"https:\/\/us06web.zoom.us\/webinar\/register\/WN_gdnTqvxsSFucvE9JGV_sHw\" target=\"_blank\" rel=\"noopener noreferrer\">https:\/\/us06web.zoom.us\/webinar\/register\/WN_gdnTqvxsSFucvE9JGV_sHw<\/a><br \/>\nRecibir\u00e1 la informaci\u00f3n para conectarse despu\u00e9s de la inscripci\u00f3n.<\/div>\n<div>&nbsp;<\/div>\n<div>\n<p>Puede encontrar las grabaciones y contenidos de los anteriores webinarios en nuestra p\u00e1gina web :&nbsp;<a class=\"moz-txt-link-freetext\" href=\"https:\/\/www.institutfrancais.es\/programas-y-ayudas\/profesores\/le-coin-du-prof\/\" target=\"_blank\" rel=\"noopener noreferrer\">https:\/\/www.institutfrancais.es\/programas-y-ayudas\/profesores\/le-coin-du-prof\/<\/a><\/p>\n<p>Muchas gracias, \u00a1le&nbsp;esperamos!<\/p>\n<\/div>\n","protected":false},"excerpt":{"rendered":"<p>El servicio de cooperaci\u00f3n educativa y ling\u00fc\u00edstica del Institut fran\u00e7ais d&#8217;Espagne vuelve en febrero con su ciclo de webinarios informativos&#46;&#46;&#46;<\/p>\n","protected":false},"author":7804,"featured_media":2013,"comment_status":"open","ping_status":"open","sticky":false,"template":"","format":"standard","meta":{"ngg_post_thumbnail":0,"footnotes":""},"categories":[854,792308],"tags":[],"aioseo_notices":[],"_links":{"self":[{"href":"https:\/\/blogsaverroes.juntadeandalucia.es\/plurilinguismodelegacioncadiz\/wp-json\/wp\/v2\/posts\/2012"}],"collection":[{"href":"https:\/\/blogsaverroes.juntadeandalucia.es\/plurilinguismodelegacioncadiz\/wp-json\/wp\/v2\/posts"}],"about":[{"href":"https:\/\/blogsaverroes.juntadeandalucia.es\/plurilinguismodelegacioncadiz\/wp-json\/wp\/v2\/types\/post"}],"author":[{"embeddable":true,"href":"https:\/\/blogsaverroes.juntadeandalucia.es\/plurilinguismodelegacioncadiz\/wp-json\/wp\/v2\/users\/7804"}],"replies":[{"embeddable":true,"href":"https:\/\/blogsaverroes.juntadeandalucia.es\/plurilinguismodelegacioncadiz\/wp-json\/wp\/v2\/comments?post=2012"}],"version-history":[{"count":2,"href":"https:\/\/blogsaverroes.juntadeandalucia.es\/plurilinguismodelegacioncadiz\/wp-json\/wp\/v2\/posts\/2012\/revisions"}],"predecessor-version":[{"id":2015,"href":"https:\/\/blogsaverroes.juntadeandalucia.es\/plurilinguismodelegacioncadiz\/wp-json\/wp\/v2\/posts\/2012\/revisions\/2015"}],"wp:featuredmedia":[{"embeddable":true,"href":"https:\/\/blogsaverroes.juntadeandalucia.es\/plurilinguismodelegacioncadiz\/wp-json\/wp\/v2\/media\/2013"}],"wp:attachment":[{"href":"https:\/\/blogsaverroes.juntadeandalucia.es\/plurilinguismodelegacioncadiz\/wp-json\/wp\/v2\/media?parent=2012"}],"wp:term":[{"taxonomy":"category","embeddable":true,"href":"https:\/\/blogsaverroes.juntadeandalucia.es\/plurilinguismodelegacioncadiz\/wp-json\/wp\/v2\/categories?post=2012"},{"taxonomy":"post_tag","embeddable":true,"href":"https:\/\/blogsaverroes.juntadeandalucia.es\/plurilinguismodelegacioncadiz\/wp-json\/wp\/v2\/tags?post=2012"}],"curies":[{"name":"wp","href":"https:\/\/api.w.org\/{rel}","templated":true}]}}