{"id":271,"date":"2020-06-02T09:15:42","date_gmt":"2020-06-02T07:15:42","guid":{"rendered":"https:\/\/blogsaverroes.juntadeandalucia.es\/plurilinguismodelegacioncadiz\/?p=271"},"modified":"2020-06-02T09:17:07","modified_gmt":"2020-06-02T07:17:07","slug":"271","status":"publish","type":"post","link":"https:\/\/blogsaverroes.juntadeandalucia.es\/plurilinguismodelegacioncadiz\/2020\/06\/02\/271\/","title":{"rendered":"Formaci\u00f3n en Red para el profesorado"},"content":{"rendered":"<p><span style=\"color: #000000\">Desde el<strong> 1 de junio hasta el 20 de junio de 2020<\/strong> est\u00e1 abierta la convocatoria para la realizaci\u00f3n de <strong>cursos de formaci\u00f3n en Red <\/strong>para el profesorado que ejerce en niveles anteriores al universitario en centros p\u00fablicos. La oferta formativa se ha adaptado en previsi\u00f3n de las medidas que sean precisas adoptar para el pr\u00f3ximo curso escolar 2020-21 para poder adecuarla a la necesidad de dar continuidad al proceso educativo a trav\u00e9s de las modalidades a distancia y en l\u00ednea.&nbsp; Pod\u00e9is encontrar toda la informaci\u00f3n en el siguiente enlace:<\/span><\/p>\n<p>&nbsp;<\/p>\n<p><strong><span style=\"color: #008000\"><a style=\"color: #008000\" href=\"http:\/\/www.educacionyfp.gob.es\/servicios-al-ciudadano\/catalogo\/profesorado\/profesorado-no-universitario\/cursos-y-jornadas\/formacion-en-red-profesorado.html\">MEFP: Curso de Formaci\u00f3n en Red del profesorado<\/a><\/span><\/strong><\/p>\n","protected":false},"excerpt":{"rendered":"<p>Desde el 1 de junio hasta el 20 de junio de 2020 est\u00e1 abierta la convocatoria para la realizaci\u00f3n de&#46;&#46;&#46;<\/p>\n","protected":false},"author":7804,"featured_media":260,"comment_status":"open","ping_status":"open","sticky":false,"template":"","format":"standard","meta":{"ngg_post_thumbnail":0,"footnotes":""},"categories":[46],"tags":[],"aioseo_notices":[],"_links":{"self":[{"href":"https:\/\/blogsaverroes.juntadeandalucia.es\/plurilinguismodelegacioncadiz\/wp-json\/wp\/v2\/posts\/271"}],"collection":[{"href":"https:\/\/blogsaverroes.juntadeandalucia.es\/plurilinguismodelegacioncadiz\/wp-json\/wp\/v2\/posts"}],"about":[{"href":"https:\/\/blogsaverroes.juntadeandalucia.es\/plurilinguismodelegacioncadiz\/wp-json\/wp\/v2\/types\/post"}],"author":[{"embeddable":true,"href":"https:\/\/blogsaverroes.juntadeandalucia.es\/plurilinguismodelegacioncadiz\/wp-json\/wp\/v2\/users\/7804"}],"replies":[{"embeddable":true,"href":"https:\/\/blogsaverroes.juntadeandalucia.es\/plurilinguismodelegacioncadiz\/wp-json\/wp\/v2\/comments?post=271"}],"version-history":[{"count":2,"href":"https:\/\/blogsaverroes.juntadeandalucia.es\/plurilinguismodelegacioncadiz\/wp-json\/wp\/v2\/posts\/271\/revisions"}],"predecessor-version":[{"id":273,"href":"https:\/\/blogsaverroes.juntadeandalucia.es\/plurilinguismodelegacioncadiz\/wp-json\/wp\/v2\/posts\/271\/revisions\/273"}],"wp:featuredmedia":[{"embeddable":true,"href":"https:\/\/blogsaverroes.juntadeandalucia.es\/plurilinguismodelegacioncadiz\/wp-json\/wp\/v2\/media\/260"}],"wp:attachment":[{"href":"https:\/\/blogsaverroes.juntadeandalucia.es\/plurilinguismodelegacioncadiz\/wp-json\/wp\/v2\/media?parent=271"}],"wp:term":[{"taxonomy":"category","embeddable":true,"href":"https:\/\/blogsaverroes.juntadeandalucia.es\/plurilinguismodelegacioncadiz\/wp-json\/wp\/v2\/categories?post=271"},{"taxonomy":"post_tag","embeddable":true,"href":"https:\/\/blogsaverroes.juntadeandalucia.es\/plurilinguismodelegacioncadiz\/wp-json\/wp\/v2\/tags?post=271"}],"curies":[{"name":"wp","href":"https:\/\/api.w.org\/{rel}","templated":true}]}}