{"id":5511,"date":"2024-03-11T11:30:07","date_gmt":"2024-03-11T11:30:07","guid":{"rendered":"https:\/\/blogsaverroes.juntadeandalucia.es\/plurilinguismodelegaciongranada\/?p=5511"},"modified":"2024-04-23T11:33:39","modified_gmt":"2024-04-23T11:33:39","slug":"picassomob-2024","status":"publish","type":"post","link":"https:\/\/blogsaverroes.juntadeandalucia.es\/plurilinguismodelegaciongranada\/picassomob-2024\/","title":{"rendered":"PICASSOMOB 2024"},"content":{"rendered":"<h4 class=\"western\" align=\"justify\"><img decoding=\"async\" class=\"aligncenter\" src=\"https:\/\/blogsaverroes.juntadeandalucia.es\/plurilinguismodelegaciongranada\/files\/2022\/05\/descarga.jpg\"><\/h4>\n<p style=\"text-align: justify\">Se acaba de publicar la Resoluci\u00f3n del Programa de Movilidad Individual del Alumnado con Reciprocidad 2024\/2025.<\/p>\n<p style=\"text-align: justify\">Tal como indica la Resoluci\u00f3n: <i>Las Delegaciones Territoriales de Desarrollo Educativo, Formaci\u00f3n Profesional, Universidad, Investigaci\u00f3n e Innovaci\u00f3n de la Consejer\u00eda de Desarrollo Educativo y Formaci\u00f3n Profesional, en el \u00e1mbito de sus competencias, informar\u00e1n de la publicaci\u00f3n de la presente resoluci\u00f3n a todos los centros educativos andaluces a los que resulte de aplicaci\u00f3n de su \u00e1mbito territorial.<\/i><\/p>\n<p style=\"text-align: justify\">El plazo de presentaci\u00f3n de solicitudes ser\u00e1 de 15 d\u00edas h\u00e1biles, a contar desde el d\u00eda siguiente a la publicaci\u00f3n de esta Resoluci\u00f3n en la web de la Consejer\u00eda de Desarrollo Educativo y Formaci\u00f3n Profesional, en la secci\u00f3n de Novedades.<\/p>\n<p style=\"text-align: justify\">Este es el enlace:<\/p>\n<p style=\"text-align: justify\"><span style=\"color: #000000\"> \ud83d\udd17<\/span><a href=\"https:\/\/www.juntadeandalucia.es\/educacion\/portals\/web\/ced\/novedades\/-\/contenidos\/detalle\/resolucion-de-08-de-marzo-de-2024-de-la-direccion-general-de-tecnologias-avanzadas-y-transformacion-educativa-por-la-1q4j0r4jm6y0z\"><span style=\"color: #000000\"><span style=\"font-family: Source Sans Pro, sans-serif\"><span style=\"font-size: medium\">https:\/\/<\/span><\/span><\/span><span style=\"color: #000000\"><span style=\"font-family: Source Sans Pro, sans-serif\"><span style=\"font-size: medium\">www<\/span><\/span><\/span><span style=\"color: #000000\"><span style=\"font-family: Source Sans Pro, sans-serif\"><span style=\"font-size: medium\">.junta<\/span><\/span><\/span><span style=\"color: #000000\"><span style=\"font-family: Source Sans Pro, sans-serif\"><span style=\"font-size: medium\">de<\/span><\/span><\/span><span style=\"color: #000000\"><span style=\"font-family: Source Sans Pro, sans-serif\"><span style=\"font-size: medium\">andalucia.es\/educacion\/portals\/web\/ced\/novedades\/-\/contenidos\/detalle\/resolucion-de-08-de-marzo-de-2024-de-la-direccion-general-de-tecnologias-avanzadas-y-transformacion-educativa-por-la-1q4j0r4jm6y0z<\/span><\/span><\/span><\/a><\/p>\n<p>Resoluci\u00f3n:<\/p>\n<p><a href=\"https:\/\/www.juntadeandalucia.es\/educacion\/portals\/web\/ced\/novedades\/-\/contenidos\/detalle\/resolucion-de-19-de-abril-de-2024-de-la-direccion-general-de-tecnologias-avanzadas-y-transformacion-educativa-por-la-1twbkygu8bz7o\"><strong>Resoluci\u00f3n de 19 de abril de 2024 de la Direcci\u00f3n General de Tecnolog\u00edas Avanzadas y Transformaci\u00f3n Educativa por la que se hace p\u00fablica la relaci\u00f3n de centros educativos seleccionados para participar en el Programa de Movilidad Individual del Alumnado con Reciprocidad para el curso 2024\/2025<\/strong><\/a><\/p>\n<p>&#8212;&#8212;&#8212;&#8212;&#8212;&#8212;&#8212;&#8212;&#8212;&#8212;&#8212;&#8212;&#8212;&#8212;&#8212;&#8212;&#8212;&#8212;&#8212;&#8212;&#8212;&#8212;&#8212;&#8212;&#8212;&#8212;&#8212;&#8212;&#8212;&#8212;&#8212;&#8212;&#8212;&#8212;&#8212;&#8212;&#8212;&#8212;o&#8212;&#8212;&#8212;&#8212;&#8212;&#8212;&#8212;&#8212;&#8212;&#8212;&#8212;&#8212;&#8212;&#8212;&#8212;&#8212;&#8212;&#8212;&#8212;&#8212;&#8212;&#8212;&#8212;&#8212;&#8212;&#8212;&#8212;&#8212;&#8212;&#8212;&#8212;&#8212;&#8212;&#8212;&#8212;<\/p>\n<p>&nbsp;<\/p>\n","protected":false},"excerpt":{"rendered":"<p>Se acaba de publicar la Resoluci\u00f3n del Programa de Movilidad Individual del Alumnado con Reciprocidad 2024\/2025. Tal como indica la Resoluci\u00f3n: Las Delegaciones Territoriales de Desarrollo Educativo, Formaci\u00f3n Profesional, Universidad, Investigaci\u00f3n e Innovaci\u00f3n&#46;&#46;&#46;<\/p>\n","protected":false},"author":3720,"featured_media":5883,"comment_status":"closed","ping_status":"closed","sticky":false,"template":"","format":"image","meta":{"ngg_post_thumbnail":0,"footnotes":""},"categories":[791703],"tags":[],"aioseo_notices":[],"_links":{"self":[{"href":"https:\/\/blogsaverroes.juntadeandalucia.es\/plurilinguismodelegaciongranada\/wp-json\/wp\/v2\/posts\/5511"}],"collection":[{"href":"https:\/\/blogsaverroes.juntadeandalucia.es\/plurilinguismodelegaciongranada\/wp-json\/wp\/v2\/posts"}],"about":[{"href":"https:\/\/blogsaverroes.juntadeandalucia.es\/plurilinguismodelegaciongranada\/wp-json\/wp\/v2\/types\/post"}],"author":[{"embeddable":true,"href":"https:\/\/blogsaverroes.juntadeandalucia.es\/plurilinguismodelegaciongranada\/wp-json\/wp\/v2\/users\/3720"}],"replies":[{"embeddable":true,"href":"https:\/\/blogsaverroes.juntadeandalucia.es\/plurilinguismodelegaciongranada\/wp-json\/wp\/v2\/comments?post=5511"}],"version-history":[{"count":7,"href":"https:\/\/blogsaverroes.juntadeandalucia.es\/plurilinguismodelegaciongranada\/wp-json\/wp\/v2\/posts\/5511\/revisions"}],"predecessor-version":[{"id":6322,"href":"https:\/\/blogsaverroes.juntadeandalucia.es\/plurilinguismodelegaciongranada\/wp-json\/wp\/v2\/posts\/5511\/revisions\/6322"}],"wp:featuredmedia":[{"embeddable":true,"href":"https:\/\/blogsaverroes.juntadeandalucia.es\/plurilinguismodelegaciongranada\/wp-json\/wp\/v2\/media\/5883"}],"wp:attachment":[{"href":"https:\/\/blogsaverroes.juntadeandalucia.es\/plurilinguismodelegaciongranada\/wp-json\/wp\/v2\/media?parent=5511"}],"wp:term":[{"taxonomy":"category","embeddable":true,"href":"https:\/\/blogsaverroes.juntadeandalucia.es\/plurilinguismodelegaciongranada\/wp-json\/wp\/v2\/categories?post=5511"},{"taxonomy":"post_tag","embeddable":true,"href":"https:\/\/blogsaverroes.juntadeandalucia.es\/plurilinguismodelegaciongranada\/wp-json\/wp\/v2\/tags?post=5511"}],"curies":[{"name":"wp","href":"https:\/\/api.w.org\/{rel}","templated":true}]}}