{"id":6236,"date":"2023-05-12T09:57:06","date_gmt":"2023-05-12T09:57:06","guid":{"rendered":"https:\/\/blogsaverroes.juntadeandalucia.es\/plurilinguismodelegaciongranada\/?p=6236"},"modified":"2023-07-07T08:18:14","modified_gmt":"2023-07-07T08:18:14","slug":"convocatoria-intercambios-escolares-2023-2024","status":"publish","type":"post","link":"https:\/\/blogsaverroes.juntadeandalucia.es\/plurilinguismodelegaciongranada\/convocatoria-intercambios-escolares-2023-2024\/","title":{"rendered":"CONVOCATORIA INTERCAMBIOS ESCOLARES 2023\/2024"},"content":{"rendered":"<p><a href=\"https:\/\/blogsaverroes.juntadeandalucia.es\/plurilinguismodelegaciongranada\/files\/2019\/06\/AdobeStock_124984072-1-332x221.jpeg\"><img loading=\"lazy\" decoding=\"async\" class=\"size-medium wp-image-5105 aligncenter\" src=\"https:\/\/blogsaverroes.juntadeandalucia.es\/plurilinguismodelegaciongranada\/files\/2019\/06\/AdobeStock_124984072-1-332x221-300x200.jpeg\" alt=\"\" width=\"300\" height=\"200\" srcset=\"https:\/\/blogsaverroes.juntadeandalucia.es\/plurilinguismodelegaciongranada\/files\/2019\/06\/AdobeStock_124984072-1-332x221-300x200.jpeg 300w, https:\/\/blogsaverroes.juntadeandalucia.es\/plurilinguismodelegaciongranada\/files\/2019\/06\/AdobeStock_124984072-1-332x221-24x16.jpeg 24w, https:\/\/blogsaverroes.juntadeandalucia.es\/plurilinguismodelegaciongranada\/files\/2019\/06\/AdobeStock_124984072-1-332x221-36x24.jpeg 36w, https:\/\/blogsaverroes.juntadeandalucia.es\/plurilinguismodelegaciongranada\/files\/2019\/06\/AdobeStock_124984072-1-332x221-48x32.jpeg 48w, https:\/\/blogsaverroes.juntadeandalucia.es\/plurilinguismodelegaciongranada\/files\/2019\/06\/AdobeStock_124984072-1-332x221.jpeg 332w\" sizes=\"(max-width: 300px) 100vw, 300px\" \/><\/a><\/p>\n<div align=\"justify\">\n<p><span style=\"font-family: NewsGotT\"><span style=\"color: #cc0000\"><b>A partir de hoy, y durante 15 d\u00edas h\u00e1biles<\/b><\/span>, se encuentra abierto el plazo de solicitud en el <span style=\"color: #000066;font-size: 12pt\"><b>programa de intercambios escolares<\/b><\/span> regulado por la <span style=\"color: #0000ff\"><strong><a style=\"color: #0000ff\" href=\"https:\/\/blogsaverroes.juntadeandalucia.es\/plurilinguismodelegaciongranada\/files\/2022\/04\/Resoluci\u00f3n-convocatoria-intercambios-2023_24F.pdf\">Resoluci\u00f3n convocatoria intercambios 2023_24(F)<\/a><\/strong><\/span><\/span><\/p>\n<p>Tal y como contempla la citada resoluci\u00f3n en su art\u00edculo 6,1. <i>\u00abLas solicitudes y la documentaci\u00f3n complementaria ser\u00e1n remitidas por el Director o Directora del Instituto de Ense\u00f1anza Secundaria al Ilmo. Sr. Delegado o a la Ilma. Sra. Delegada Territorial de Educaci\u00f3n, Deporte, Igualdad, Pol\u00edticas Sociales y Conciliaci\u00f3n y se presentar\u00e1n en el Registro General de la Delegaci\u00f3n Territorial a la que pertenece el centro, o se enviar\u00e1 por cualquiera de las v\u00edas expuestas en el art\u00edculo 16 de la Ley 39\/2015, de 1 de octubre, del Procedimiento Administrativo Com\u00fan de las Administraciones P\u00fablicas. Igualmente se podr\u00e1n remitir por Ventanilla Electr\u00f3nica al Servicio de Ordenaci\u00f3n Educativa de la respectiva Delegaci\u00f3n Territorial.\u00bb<\/i><\/p>\n<p>Plazo de solicitudes: 15 d\u00edas h\u00e1biles desde <strong>12 de mayo de 2023 hasta el 1 de junio de 2023<\/strong><b> <\/b><\/p>\n<p>Plazo de realizaci\u00f3n:&nbsp; los Intercambios se podr\u00e1n desarrollar entre <strong>1-octubre de 2023 y 31-mayo de 2024<\/strong>.<\/p>\n<p>Pago a los centros beneficiarios: se tramitar\u00e1 a <strong>comienzos del mes de octubre de 2023<\/strong>.<\/p>\n<p>&nbsp;<\/p>\n<p>En caso de que desde el centro que dirige desee formular solicitud, rogamos la atenta lectura de toda la informaci\u00f3n contenida en la citada Resoluci\u00f3n.<\/p>\n<\/div>\n<div align=\"justify\"><span style=\"font-family: NewsGotT\">&nbsp;<\/span><\/div>\n<p align=\"justify\"><span style=\"font-family: NewsGotT\">Asimismo, podr\u00e1n trasladas dudas y\/o consultas a esta direcci\u00f3n de correo electr\u00f3nico:<span style=\"color: #0000ff\"> <b><a class=\"m_-8799094126877106945m_5587232845312314117gmail-moz-txt-link-abbreviated\" style=\"color: #0000ff\" href=\"mailto:plurilinguismo.dpgr.ced@juntadeandalucia.es\" target=\"_blank\" rel=\"noopener noreferrer\">plurilinguismo.dpgr.ced@juntadeandalucia.es<\/a><\/b><\/span><\/span><\/p>\n<p align=\"justify\">&nbsp;<\/p>\n<h3 class=\"tituloCaja\">Resoluci\u00f3n provisional<\/h3>\n<h4 id=\"detalle_lista-provisional-priorizada-de-centros-admitidos-y-excluidos-para-participar-en-el-programa-de-intercambios-escolares\" class=\"titulo\" style=\"text-align: justify\"><a href=\"https:\/\/www.juntadeandalucia.es\/educacion\/portals\/web\/ced\/delegaciones\/granada\/detalle-de-la-novedad\/-\/contenidos\/detalle\/lista-provisional-priorizada-de-centros-admitidos-y-excluidos-para-participar-en-el-programa-de-intercambios-escolares\"><strong><span style=\"color: #0000ff\">LISTA PROVISIONAL PRIORIZADA DE CENTROS ADMITIDOS Y EXCLUIDOS PARA PARTICIPAR EN EL PROGRAMA DE INTERCAMBIOS ESCOLARES DE LOS INSTITUTOS DE ENSE\u00d1ANZA SECUNDARIA DEPENDIENTES DE LA JUNTA DE ANDALUC\u00cdA CON CENTROS EDUCATIVOS DE PA\u00cdSES DE HABLA ALEMANA, CHINA (MANDAR\u00cdN), FRANCESA, INGLESA, ITALIANA Y PORTUGUESA PARA EL CURSO 2023\/2024, CONVOCADO POR RESOLUCI\u00d3N DE LA DIRECCI\u00d3N GENERAL DE TECNOLOG\u00cdAS AVANZADAS Y TRANSFORMACI\u00d3N EDUCATIVA DE 9 DE MAYO 2023<\/span><\/strong><\/a><\/h4>\n<p><span style=\"color: #3366ff\">+ <a style=\"color: #3366ff\" href=\"https:\/\/blogsaverroes.juntadeandalucia.es\/plurilinguismodelegaciongranada\/files\/2023\/05\/Listados-provisionales-admitidos-Intercambios-escolares.pdf\">Listados provisionales admitidos Intercambios escolares<\/a><\/span><\/p>\n<p><span style=\"color: #3366ff\">+ <a style=\"color: #3366ff\" href=\"https:\/\/blogsaverroes.juntadeandalucia.es\/plurilinguismodelegaciongranada\/files\/2023\/05\/Listado-provisional-excluidos-Intercambios-escolares.pdf\">Listado provisional excluidos Intercambios escolares<\/a><\/span><\/p>\n<p><em>Alegaciones de centros a listados provisionales: Hasta <span style=\"text-decoration: underline\"><strong>13\/06\/2023<\/strong><\/span>, presentaci\u00f3n a trav\u00e9s de <span style=\"text-decoration: underline\"><strong>Ventanilla Electr\u00f3nica al Servicio de Ordenaci\u00f3n Educativa<\/strong><\/span> de la respectiva Delegaci\u00f3n Territorial en Granada.<\/em><\/p>\n<h3>&nbsp;<\/h3>\n<h3 class=\"tituloCaja\">Adjudicaci\u00f3n definitiva<\/h3>\n<h4 style=\"text-align: justify\"><strong><span style=\"color: #0000ff\"><a style=\"color: #0000ff\" href=\"https:\/\/blogsaverroes.juntadeandalucia.es\/plurilinguismodelegaciongranada\/files\/2023\/05\/Resolucion-CONCESION-Intercambios-2023-2024_1F.pdf\"> <span class=\"fontstyle0\"><span style=\"color: #ff0000\"><span style=\"color: #0000ff\">RESOLUCI\u00d3N DE LA DIRECCI\u00d3N GENERAL DE TECNOLOG\u00cdAS AVANZADAS YTRANSFORMACI\u00d3N EDUCATIVA DE 4 DE JULIO DE 2023 POR LA QUE SE PUBLICA LA CONCESI\u00d3N DEL PROGRAMA DE INTERCAMBIOS ESCOLARES DE LOSINSTITUTOS DE ENSE\u00d1ANZA SECUNDARIA DEPENDIENTES DE LA JUNTA DE ANDALUC\u00cdA CON CENTROS EDUCATIVOS DE PA\u00cdSES DE HABLA ALEMANA, CHINA(MANDAR\u00cdN), FRANCESA, INGLESA, ITALIANA Y PORTUGUESA PARA EL CURSO2023\/2024<\/span><\/span><\/span><\/a><\/span><\/strong><\/h4>\n","protected":false},"excerpt":{"rendered":"<p>A partir de hoy, y durante 15 d\u00edas h\u00e1biles, se encuentra abierto el plazo de solicitud en el programa de intercambios escolares regulado por la Resoluci\u00f3n convocatoria intercambios 2023_24(F) Tal y como contempla&#46;&#46;&#46;<\/p>\n","protected":false},"author":3720,"featured_media":5105,"comment_status":"closed","ping_status":"closed","sticky":false,"template":"","format":"standard","meta":{"ngg_post_thumbnail":0,"footnotes":""},"categories":[791703],"tags":[],"aioseo_notices":[],"_links":{"self":[{"href":"https:\/\/blogsaverroes.juntadeandalucia.es\/plurilinguismodelegaciongranada\/wp-json\/wp\/v2\/posts\/6236"}],"collection":[{"href":"https:\/\/blogsaverroes.juntadeandalucia.es\/plurilinguismodelegaciongranada\/wp-json\/wp\/v2\/posts"}],"about":[{"href":"https:\/\/blogsaverroes.juntadeandalucia.es\/plurilinguismodelegaciongranada\/wp-json\/wp\/v2\/types\/post"}],"author":[{"embeddable":true,"href":"https:\/\/blogsaverroes.juntadeandalucia.es\/plurilinguismodelegaciongranada\/wp-json\/wp\/v2\/users\/3720"}],"replies":[{"embeddable":true,"href":"https:\/\/blogsaverroes.juntadeandalucia.es\/plurilinguismodelegaciongranada\/wp-json\/wp\/v2\/comments?post=6236"}],"version-history":[{"count":8,"href":"https:\/\/blogsaverroes.juntadeandalucia.es\/plurilinguismodelegaciongranada\/wp-json\/wp\/v2\/posts\/6236\/revisions"}],"predecessor-version":[{"id":6265,"href":"https:\/\/blogsaverroes.juntadeandalucia.es\/plurilinguismodelegaciongranada\/wp-json\/wp\/v2\/posts\/6236\/revisions\/6265"}],"wp:featuredmedia":[{"embeddable":true,"href":"https:\/\/blogsaverroes.juntadeandalucia.es\/plurilinguismodelegaciongranada\/wp-json\/wp\/v2\/media\/5105"}],"wp:attachment":[{"href":"https:\/\/blogsaverroes.juntadeandalucia.es\/plurilinguismodelegaciongranada\/wp-json\/wp\/v2\/media?parent=6236"}],"wp:term":[{"taxonomy":"category","embeddable":true,"href":"https:\/\/blogsaverroes.juntadeandalucia.es\/plurilinguismodelegaciongranada\/wp-json\/wp\/v2\/categories?post=6236"},{"taxonomy":"post_tag","embeddable":true,"href":"https:\/\/blogsaverroes.juntadeandalucia.es\/plurilinguismodelegaciongranada\/wp-json\/wp\/v2\/tags?post=6236"}],"curies":[{"name":"wp","href":"https:\/\/api.w.org\/{rel}","templated":true}]}}