{"id":3377,"date":"2019-06-10T08:08:26","date_gmt":"2019-06-10T08:08:26","guid":{"rendered":"https:\/\/blogsaverroes.juntadeandalucia.es\/plurilinguismodelegacionjaen\/?p=3377"},"modified":"2019-06-24T08:11:03","modified_gmt":"2019-06-24T08:11:03","slug":"3377","status":"publish","type":"post","link":"https:\/\/blogsaverroes.juntadeandalucia.es\/plurilinguismodelegacionjaen\/2019\/06\/10\/3377\/","title":{"rendered":"II Jornadas biling\u00fces. IES Antonio de Mendoza (Alcal\u00e1 la Real)"},"content":{"rendered":"<p>El viernes d\u00eda 7 de junio el IES Antonio de Mendoza celebr\u00f3 las <strong>II Jornadas Biling\u00fces<\/strong> en las que alrededor de 120 chicos y chicas de 5\u00ba de primaria de los CEIP Jos\u00e9 Garnica y Alonso de Alcal\u00e1 participaron en seis talleres preparados por los departamentos y proyectos implicados en el Programa Biling\u00fce: Geograf\u00eda e Historia, Ciencias Naturales, Educaci\u00f3n F\u00edsica, Tecnolog\u00eda, Idiomas y Erasmus+.<\/p>\n<p>Adem\u00e1s, se expusieron una selecci\u00f3n de materiales de las asignaturas biling\u00fces, de las 8 movilidades del profesorado a distintos pa\u00edses europeos y de una <strong>Science Fair<\/strong>, a modo de concurso. El alumnado propuso y prepar\u00f3 los experimentos a llevar a cabo y expuso el fundamento a los estudiantes que nos visitaron.<\/p>\n<p>Al mismo tiempo en el sal\u00f3n de actos se realiz\u00f3 la entrega de premios al alumnado de 1\u00ba y 2\u00ba ESO y a la profesora de Biolog\u00eda y Geolog\u00eda Eva Aguilera Herrador por la<strong> medalla de oro conseguida en el concurso internacional \u201cCrystal Growing Competition 2018\u201d<\/strong><\/p>\nngg_shortcode_0_placeholder\n<p>&nbsp;<\/p>\n","protected":false},"excerpt":{"rendered":"<p>El viernes d\u00eda 7 de junio el IES Antonio de Mendoza celebr\u00f3 las II Jornadas Biling\u00fces en las que alrededor de 120 chicos y chicas de 5\u00ba de primaria de los CEIP Jos\u00e9 Garnica&#46;&#46;&#46;<\/p>\n","protected":false},"author":6890,"featured_media":0,"comment_status":"closed","ping_status":"open","sticky":false,"template":"","format":"standard","meta":{"ngg_post_thumbnail":0,"footnotes":""},"categories":[11909],"tags":[],"aioseo_notices":[],"_links":{"self":[{"href":"https:\/\/blogsaverroes.juntadeandalucia.es\/plurilinguismodelegacionjaen\/wp-json\/wp\/v2\/posts\/3377"}],"collection":[{"href":"https:\/\/blogsaverroes.juntadeandalucia.es\/plurilinguismodelegacionjaen\/wp-json\/wp\/v2\/posts"}],"about":[{"href":"https:\/\/blogsaverroes.juntadeandalucia.es\/plurilinguismodelegacionjaen\/wp-json\/wp\/v2\/types\/post"}],"author":[{"embeddable":true,"href":"https:\/\/blogsaverroes.juntadeandalucia.es\/plurilinguismodelegacionjaen\/wp-json\/wp\/v2\/users\/6890"}],"replies":[{"embeddable":true,"href":"https:\/\/blogsaverroes.juntadeandalucia.es\/plurilinguismodelegacionjaen\/wp-json\/wp\/v2\/comments?post=3377"}],"version-history":[{"count":2,"href":"https:\/\/blogsaverroes.juntadeandalucia.es\/plurilinguismodelegacionjaen\/wp-json\/wp\/v2\/posts\/3377\/revisions"}],"predecessor-version":[{"id":3439,"href":"https:\/\/blogsaverroes.juntadeandalucia.es\/plurilinguismodelegacionjaen\/wp-json\/wp\/v2\/posts\/3377\/revisions\/3439"}],"wp:attachment":[{"href":"https:\/\/blogsaverroes.juntadeandalucia.es\/plurilinguismodelegacionjaen\/wp-json\/wp\/v2\/media?parent=3377"}],"wp:term":[{"taxonomy":"category","embeddable":true,"href":"https:\/\/blogsaverroes.juntadeandalucia.es\/plurilinguismodelegacionjaen\/wp-json\/wp\/v2\/categories?post=3377"},{"taxonomy":"post_tag","embeddable":true,"href":"https:\/\/blogsaverroes.juntadeandalucia.es\/plurilinguismodelegacionjaen\/wp-json\/wp\/v2\/tags?post=3377"}],"curies":[{"name":"wp","href":"https:\/\/api.w.org\/{rel}","templated":true}]}}