{"id":4935,"date":"2023-01-26T11:30:08","date_gmt":"2023-01-26T11:30:08","guid":{"rendered":"https:\/\/blogsaverroes.juntadeandalucia.es\/plurilinguismodelegacionjaen\/?p=4935"},"modified":"2023-01-26T11:30:08","modified_gmt":"2023-01-26T11:30:08","slug":"convocatoria-de-la-formacion-de-listas-de-aspirantes-a-puestos-docentes-interinos-en-marruecos-para-el-curso-2023-24","status":"publish","type":"post","link":"https:\/\/blogsaverroes.juntadeandalucia.es\/plurilinguismodelegacionjaen\/2023\/01\/26\/convocatoria-de-la-formacion-de-listas-de-aspirantes-a-puestos-docentes-interinos-en-marruecos-para-el-curso-2023-24\/","title":{"rendered":"Convocatoria de la formaci\u00f3n de listas de aspirantes a puestos docentes interinos en Marruecos para el curso 2023\/24"},"content":{"rendered":"<p>Convocatoria de la Consejer\u00eda de Educaci\u00f3n en Marruecos para la formaci\u00f3n de las listas de aspirantes a desempe\u00f1ar puestos en r\u00e9gimen de interinidad de los Cuerpos de Maestros, de Profesores de Ense\u00f1anza Secundaria y de Profesores T\u00e9cnicos de Formaci\u00f3n Profesional contemplados en la Ley Org\u00e1nica 2\/2006, de 3 de mayo, de Educaci\u00f3n, en plazas docentes de los centros educativos de titularidad espa\u00f1ola en Marruecos para el curso 2023-2024.<\/p>\n<h5 id=\"ds1\">Plazo de presentaci\u00f3n de solicitudes<\/h5>\n<div class=\"cte\">\n<ul>\n<li>Desde el 26 de enero de 2023 a las 00:00<\/li>\n<li>Hasta el 09 de febrero de 2023 a las 23:59<\/li>\n<\/ul>\n<p>M\u00e1s informaci\u00f3n en el siguiente <a href=\"https:\/\/www.educacionyfp.gob.es\/servicios-al-ciudadano\/catalogo\/general\/20\/200334\/marruecos\/200334-marruecos-2023-2024.html#dg1\" target=\"_blank\" rel=\"noopener noreferrer\">enlace<\/a><\/p>\n<\/div>\n","protected":false},"excerpt":{"rendered":"<p>Convocatoria de la Consejer\u00eda de Educaci\u00f3n en Marruecos para la formaci\u00f3n de las listas de aspirantes a desempe\u00f1ar puestos en r\u00e9gimen de interinidad de los Cuerpos de Maestros, de Profesores de Ense\u00f1anza Secundaria y&#46;&#46;&#46;<\/p>\n","protected":false},"author":6890,"featured_media":0,"comment_status":"closed","ping_status":"open","sticky":false,"template":"","format":"standard","meta":{"ngg_post_thumbnail":0,"footnotes":""},"categories":[11909],"tags":[],"aioseo_notices":[],"_links":{"self":[{"href":"https:\/\/blogsaverroes.juntadeandalucia.es\/plurilinguismodelegacionjaen\/wp-json\/wp\/v2\/posts\/4935"}],"collection":[{"href":"https:\/\/blogsaverroes.juntadeandalucia.es\/plurilinguismodelegacionjaen\/wp-json\/wp\/v2\/posts"}],"about":[{"href":"https:\/\/blogsaverroes.juntadeandalucia.es\/plurilinguismodelegacionjaen\/wp-json\/wp\/v2\/types\/post"}],"author":[{"embeddable":true,"href":"https:\/\/blogsaverroes.juntadeandalucia.es\/plurilinguismodelegacionjaen\/wp-json\/wp\/v2\/users\/6890"}],"replies":[{"embeddable":true,"href":"https:\/\/blogsaverroes.juntadeandalucia.es\/plurilinguismodelegacionjaen\/wp-json\/wp\/v2\/comments?post=4935"}],"version-history":[{"count":1,"href":"https:\/\/blogsaverroes.juntadeandalucia.es\/plurilinguismodelegacionjaen\/wp-json\/wp\/v2\/posts\/4935\/revisions"}],"predecessor-version":[{"id":4936,"href":"https:\/\/blogsaverroes.juntadeandalucia.es\/plurilinguismodelegacionjaen\/wp-json\/wp\/v2\/posts\/4935\/revisions\/4936"}],"wp:attachment":[{"href":"https:\/\/blogsaverroes.juntadeandalucia.es\/plurilinguismodelegacionjaen\/wp-json\/wp\/v2\/media?parent=4935"}],"wp:term":[{"taxonomy":"category","embeddable":true,"href":"https:\/\/blogsaverroes.juntadeandalucia.es\/plurilinguismodelegacionjaen\/wp-json\/wp\/v2\/categories?post=4935"},{"taxonomy":"post_tag","embeddable":true,"href":"https:\/\/blogsaverroes.juntadeandalucia.es\/plurilinguismodelegacionjaen\/wp-json\/wp\/v2\/tags?post=4935"}],"curies":[{"name":"wp","href":"https:\/\/api.w.org\/{rel}","templated":true}]}}