{"id":4982,"date":"2023-02-14T11:56:44","date_gmt":"2023-02-14T11:56:44","guid":{"rendered":"https:\/\/blogsaverroes.juntadeandalucia.es\/plurilinguismodelegacionjaen\/?p=4982"},"modified":"2023-02-14T11:56:44","modified_gmt":"2023-02-14T11:56:44","slug":"profesores-interinos-en-programas-educativos-en-el-exterior-suiza-y-austria","status":"publish","type":"post","link":"https:\/\/blogsaverroes.juntadeandalucia.es\/plurilinguismodelegacionjaen\/2023\/02\/14\/profesores-interinos-en-programas-educativos-en-el-exterior-suiza-y-austria\/","title":{"rendered":"Profesores interinos en programas educativos en el exterior: Suiza y Austria"},"content":{"rendered":"<header class=\"entry-header cf\"><\/header>\n<div class=\"entry-byline cf\">\n<p>Convocatoria de profesorado interino para Suiza y Austria. Curso 2022-2023. Pr\u00f3rroga para el curso 2023- 2024<\/p>\n<p><a href=\"https:\/\/www.educacionyfp.gob.es\/servicios-al-ciudadano\/catalogo\/general\/20\/200334\/suiza\/200334-suiza-2022-2023.html#dg\" target=\"_blank\" rel=\"noopener noreferrer\">Pr\u00f3rroga para el curso 2023-2024<\/a><\/p>\n<h4 id=\"ds1\"><strong>Plazo de presentaci\u00f3n de solicitudes<\/strong><\/h4>\n<div class=\"cte\">\n<ul>\n<li>Desde el 14 de febrero de 2023<\/li>\n<li>Hasta el 28 de febrero de 2023<\/li>\n<\/ul>\n<\/div>\n<\/div>\n<div class=\"entry-content cf\">&nbsp;<\/div>\n","protected":false},"excerpt":{"rendered":"<p>Convocatoria de profesorado interino para Suiza y Austria. Curso 2022-2023. Pr\u00f3rroga para el curso 2023- 2024 Pr\u00f3rroga para el curso 2023-2024 Plazo de presentaci\u00f3n de solicitudes Desde el 14 de febrero de 2023 Hasta&#46;&#46;&#46;<\/p>\n","protected":false},"author":6890,"featured_media":0,"comment_status":"closed","ping_status":"open","sticky":false,"template":"","format":"standard","meta":{"ngg_post_thumbnail":0,"footnotes":""},"categories":[11909],"tags":[],"aioseo_notices":[],"_links":{"self":[{"href":"https:\/\/blogsaverroes.juntadeandalucia.es\/plurilinguismodelegacionjaen\/wp-json\/wp\/v2\/posts\/4982"}],"collection":[{"href":"https:\/\/blogsaverroes.juntadeandalucia.es\/plurilinguismodelegacionjaen\/wp-json\/wp\/v2\/posts"}],"about":[{"href":"https:\/\/blogsaverroes.juntadeandalucia.es\/plurilinguismodelegacionjaen\/wp-json\/wp\/v2\/types\/post"}],"author":[{"embeddable":true,"href":"https:\/\/blogsaverroes.juntadeandalucia.es\/plurilinguismodelegacionjaen\/wp-json\/wp\/v2\/users\/6890"}],"replies":[{"embeddable":true,"href":"https:\/\/blogsaverroes.juntadeandalucia.es\/plurilinguismodelegacionjaen\/wp-json\/wp\/v2\/comments?post=4982"}],"version-history":[{"count":1,"href":"https:\/\/blogsaverroes.juntadeandalucia.es\/plurilinguismodelegacionjaen\/wp-json\/wp\/v2\/posts\/4982\/revisions"}],"predecessor-version":[{"id":4983,"href":"https:\/\/blogsaverroes.juntadeandalucia.es\/plurilinguismodelegacionjaen\/wp-json\/wp\/v2\/posts\/4982\/revisions\/4983"}],"wp:attachment":[{"href":"https:\/\/blogsaverroes.juntadeandalucia.es\/plurilinguismodelegacionjaen\/wp-json\/wp\/v2\/media?parent=4982"}],"wp:term":[{"taxonomy":"category","embeddable":true,"href":"https:\/\/blogsaverroes.juntadeandalucia.es\/plurilinguismodelegacionjaen\/wp-json\/wp\/v2\/categories?post=4982"},{"taxonomy":"post_tag","embeddable":true,"href":"https:\/\/blogsaverroes.juntadeandalucia.es\/plurilinguismodelegacionjaen\/wp-json\/wp\/v2\/tags?post=4982"}],"curies":[{"name":"wp","href":"https:\/\/api.w.org\/{rel}","templated":true}]}}