{"id":10063,"date":"2022-12-19T09:15:21","date_gmt":"2022-12-19T08:15:21","guid":{"rendered":"https:\/\/blogsaverroes.juntadeandalucia.es\/plurilinguismodelegacionmalaga\/?p=10063"},"modified":"2023-01-13T09:56:23","modified_gmt":"2023-01-13T08:56:23","slug":"erasmus-ceip-atenea-de-torremolinos","status":"publish","type":"post","link":"https:\/\/blogsaverroes.juntadeandalucia.es\/plurilinguismodelegacionmalaga\/2022\/12\/19\/erasmus-ceip-atenea-de-torremolinos\/","title":{"rendered":"Erasmus+ CEIP Atenea de Torremolinos"},"content":{"rendered":"<p style=\"text-align: center\" align=\"justify\"><span style=\"font-size: 12pt\"><strong><img loading=\"lazy\" decoding=\"async\" class=\"alignnone wp-image-10079\" src=\"https:\/\/blogsaverroes.juntadeandalucia.es\/plurilinguismodelegacionmalaga\/files\/2022\/12\/CEIP-Atenea-16.jpg\" alt=\"\" width=\"582\" height=\"247\" srcset=\"https:\/\/blogsaverroes.juntadeandalucia.es\/plurilinguismodelegacionmalaga\/files\/2022\/12\/CEIP-Atenea-16.jpg 898w, https:\/\/blogsaverroes.juntadeandalucia.es\/plurilinguismodelegacionmalaga\/files\/2022\/12\/CEIP-Atenea-16-300x127.jpg 300w, https:\/\/blogsaverroes.juntadeandalucia.es\/plurilinguismodelegacionmalaga\/files\/2022\/12\/CEIP-Atenea-16-768x326.jpg 768w\" sizes=\"(max-width: 582px) 100vw, 582px\" \/><\/strong><\/span><\/p>\n<p align=\"justify\"><span style=\"font-size: 12pt\"><span style=\"font-family: Arial, serif\">El <\/span><strong><a href=\"https:\/\/www.ceipatenea.org\/\"><span style=\"font-family: Arial, serif\">CEIP Atenea<\/span><\/a><\/strong><span style=\"font-family: Arial, serif\"> de Torremolinos ha desarrollado un proyecto Erasmus + KA229 titulado <\/span><a href=\"https:\/\/sp9poland.wixsite.com\/scientists\"><span style=\"font-family: Arial, serif\"><i>Young Scientists discover the World<\/i><\/span><\/a><span style=\"font-family: Arial, serif\"> cuya p\u00e1gina web se puede consultar en este enlace: <\/span><\/span><\/p>\n<p style=\"text-align: center\" align=\"justify\"><strong><a href=\"https:\/\/sp9poland.wixsite.com\/scientists\"><span style=\"font-size: 12pt\"><span style=\"font-family: Arial, serif\">https:\/\/sp9poland.wixsite.com\/scientists<\/span><\/span><\/a><\/strong><\/p>\n<p align=\"justify\"><span style=\"font-size: 12pt\"><span style=\"font-family: Arial, serif\">El proyecto est\u00e1 financiado por la Uni\u00f3n Europea y tiene como fin principal acercar al alumnado la ciencia y suscitarles el inter\u00e9s en esta rama del conocimiento al mismo tiempo que se practica la lengua inglesa.<\/span><\/span><\/p>\n<p align=\"justify\"><span style=\"font-size: 12pt\"><span style=\"font-family: Arial, serif\">Los centros educativos colaboradores han sido <\/span><span style=\"font-family: Arial, serif\"><i>SP9<\/i><\/span> <span style=\"font-family: Arial, serif\"><i>Dzier\u017coni\u00f3w <\/i>(Polonia)<i>,<\/i><\/span> <span style=\"font-family: Arial, serif\"><i>Lakkoma School <\/i>(Grecia) <i>e IC 47 Sarria-Monti<\/i> (Italia)<\/span><span style=\"font-family: Arial, serif\">. La plataforma eTwinning ha servido de canal de comunicaci\u00f3n en estos dos a\u00f1os y medio que se ha extendido esta enriquecedora experiencia. Una vez realizados las primeras tomas de contacto conociendo los pa\u00edses, las localidades y la cultura de los pa\u00edses participantes, el alumnado ha realizado actividades muy variadas relacionadas con la ciencia. <\/span><\/span><\/p>\n<p align=\"justify\"><span style=\"font-family: Arial, serif;font-size: 12pt\">El punto de partida han sido el estudio de la vida y legado cient\u00edfico de cuatro cient\u00edficos-genios: Marie Curie, Mar\u00eda Blasco Marhuenda, Arist\u00f3teles y Leonardo da Vinci. Se crean figuras identificativas de los genios-cient\u00edficos propuestos por cada escuela Marie Curie SP9 Dzier\u017coni\u00f3w (Polonia), Mar\u00eda Blasco CEIP Atenea, Arist\u00f3teles Lakkoma School (Grecia) y Leonardo da Vinci IC 47 Sarria-Monti (Italia).<\/span><\/p>\n<p align=\"justify\"><span style=\"font-family: Arial, serif;font-size: 12pt\">Algunas de las actividades propuestas han sido experimentos de qu\u00edmica y biolog\u00eda, entrevistas a cient\u00edficos y doctores, una visita a los laboratorios experimentales de la UMA, dise\u00f1o de maquetas y murales del cuerpo humano, crucigramas, cuadernillos, folletos, murales, p\u00f3sters, presentaciones sobre los genios famosos. Y como la ciencia est\u00e1 ligada al arte, tambi\u00e9n collages de las obras y <em>live pictures<\/em>. <\/span><\/p>\n<p align=\"justify\"><span style=\"font-size: 12pt\"><span style=\"font-family: Arial, serif\">El proyecto ha culminado con las 4 movilidades realizadas, la primera de ellas a <\/span><span style=\"font-family: Arial, serif\"><i>Dzier\u017coni\u00f3w<\/i><\/span><span style=\"font-family: Arial, serif\"> (<\/span><span style=\"font-family: Arial, serif\"><i>Polonia<\/i><\/span><span style=\"font-family: Arial, serif\">) en la semana del 23 al 27 de mayo. Seis alumnos y dos profesores del <\/span><span style=\"font-family: Arial, serif\"><i>CEIP Atenea<\/i><\/span><span style=\"font-family: Arial, serif\"> han visitado la localidad y participado en variedad de actividades como la visita a una antigua f\u00e1brica de papel, visita a <\/span><span style=\"font-family: Arial, serif\"><i>Hidr\u00f3polis<\/i><\/span><span style=\"font-family: Arial, serif\"> de <\/span><span style=\"font-family: Arial, serif\"><i>Wroclaw<\/i><\/span><span style=\"font-family: Arial, serif\">, el zoo de <\/span><span style=\"font-family: Arial, serif\"><i>Breslavia<\/i><\/span><span style=\"font-family: Arial, serif\">, <\/span><span style=\"font-family: Arial, serif\"><i>B\u0142\u0119dne Ska\u0142y<\/i><\/span><span style=\"font-family: Arial, serif\">, <\/span><span style=\"font-family: Arial, serif\"><i>Sleza Mountain<\/i><\/span><span style=\"font-family: Arial, serif\"> adem\u00e1s de asistir a clases de ciencias en el centro polaco.<\/span><\/span><\/p>\n<p align=\"justify\"><span style=\"font-size: 12pt\">&nbsp;<img loading=\"lazy\" decoding=\"async\" class=\"wp-image-10071 aligncenter\" src=\"https:\/\/blogsaverroes.juntadeandalucia.es\/plurilinguismodelegacionmalaga\/files\/2022\/12\/CEIP-Atenea-3.jpg\" alt=\"\" width=\"328\" height=\"184\" srcset=\"https:\/\/blogsaverroes.juntadeandalucia.es\/plurilinguismodelegacionmalaga\/files\/2022\/12\/CEIP-Atenea-3.jpg 1348w, https:\/\/blogsaverroes.juntadeandalucia.es\/plurilinguismodelegacionmalaga\/files\/2022\/12\/CEIP-Atenea-3-300x169.jpg 300w, https:\/\/blogsaverroes.juntadeandalucia.es\/plurilinguismodelegacionmalaga\/files\/2022\/12\/CEIP-Atenea-3-1024x576.jpg 1024w, https:\/\/blogsaverroes.juntadeandalucia.es\/plurilinguismodelegacionmalaga\/files\/2022\/12\/CEIP-Atenea-3-768x432.jpg 768w\" sizes=\"(max-width: 328px) 100vw, 328px\" \/><br \/>\n<img loading=\"lazy\" decoding=\"async\" class=\"wp-image-10072 aligncenter\" src=\"https:\/\/blogsaverroes.juntadeandalucia.es\/plurilinguismodelegacionmalaga\/files\/2022\/12\/CEIP-Atenea-2.jpg\" alt=\"\" width=\"327\" height=\"184\" srcset=\"https:\/\/blogsaverroes.juntadeandalucia.es\/plurilinguismodelegacionmalaga\/files\/2022\/12\/CEIP-Atenea-2.jpg 711w, https:\/\/blogsaverroes.juntadeandalucia.es\/plurilinguismodelegacionmalaga\/files\/2022\/12\/CEIP-Atenea-2-300x169.jpg 300w\" sizes=\"(max-width: 327px) 100vw, 327px\" \/><span style=\"font-family: Arial, serif\"> &nbsp;<img loading=\"lazy\" decoding=\"async\" class=\"wp-image-10073 aligncenter\" src=\"https:\/\/blogsaverroes.juntadeandalucia.es\/plurilinguismodelegacionmalaga\/files\/2022\/12\/CEIP-Atenea.jpg\" alt=\"\" width=\"328\" height=\"185\" srcset=\"https:\/\/blogsaverroes.juntadeandalucia.es\/plurilinguismodelegacionmalaga\/files\/2022\/12\/CEIP-Atenea.jpg 1342w, https:\/\/blogsaverroes.juntadeandalucia.es\/plurilinguismodelegacionmalaga\/files\/2022\/12\/CEIP-Atenea-300x169.jpg 300w, https:\/\/blogsaverroes.juntadeandalucia.es\/plurilinguismodelegacionmalaga\/files\/2022\/12\/CEIP-Atenea-1024x576.jpg 1024w, https:\/\/blogsaverroes.juntadeandalucia.es\/plurilinguismodelegacionmalaga\/files\/2022\/12\/CEIP-Atenea-768x432.jpg 768w\" sizes=\"(max-width: 328px) 100vw, 328px\" \/><\/span><\/span><\/p>\n<p align=\"justify\"><span style=\"font-size: 12pt\"><span style=\"font-family: Arial, serif\">La segunda movilidad se ha realizado en <\/span><span style=\"font-family: Arial, serif\"><i>Lakkoma<\/i><\/span><span style=\"font-family: Arial, serif\">, <\/span><span style=\"font-family: Arial, serif\"><i>Grecia<\/i><\/span><span style=\"font-family: Arial, serif\"> en la semana del 6 al 10 de junio. Han participado 6 alumnos espa\u00f1oles y 2 profesores del CEIP Atenea. En las actividades que realizamos en <em>Lakkoma<\/em> podemos destacar la visita a los vi\u00f1edos <\/span><span style=\"font-family: Arial, serif\"><i>Gerovasileiou<\/i><\/span><span style=\"font-family: Arial, serif\"> presenciando la recolecta de la uva con un robot computarizado. En la facultad de <\/span><span style=\"font-family: Arial, serif\"><i>Anatolia<\/i><\/span><span style=\"font-family: Arial, serif\"> el alumnado extrajo el ADN de frutas como la fresa y el pl\u00e1tano.<\/span><\/span><\/p>\n<p style=\"text-align: center\" align=\"justify\"><span style=\"font-size: 12pt\"><img loading=\"lazy\" decoding=\"async\" class=\"wp-image-10069\" src=\"https:\/\/blogsaverroes.juntadeandalucia.es\/plurilinguismodelegacionmalaga\/files\/2022\/12\/CEIP-Atenea-5.jpg\" alt=\"\" width=\"321\" height=\"181\" srcset=\"https:\/\/blogsaverroes.juntadeandalucia.es\/plurilinguismodelegacionmalaga\/files\/2022\/12\/CEIP-Atenea-5.jpg 2016w, https:\/\/blogsaverroes.juntadeandalucia.es\/plurilinguismodelegacionmalaga\/files\/2022\/12\/CEIP-Atenea-5-300x169.jpg 300w, https:\/\/blogsaverroes.juntadeandalucia.es\/plurilinguismodelegacionmalaga\/files\/2022\/12\/CEIP-Atenea-5-1024x576.jpg 1024w, https:\/\/blogsaverroes.juntadeandalucia.es\/plurilinguismodelegacionmalaga\/files\/2022\/12\/CEIP-Atenea-5-768x432.jpg 768w, https:\/\/blogsaverroes.juntadeandalucia.es\/plurilinguismodelegacionmalaga\/files\/2022\/12\/CEIP-Atenea-5-1536x864.jpg 1536w\" sizes=\"(max-width: 321px) 100vw, 321px\" \/><\/span><\/p>\n<p align=\"justify\"><span style=\"font-size: 12pt\"><img loading=\"lazy\" decoding=\"async\" class=\"wp-image-10068 aligncenter\" src=\"https:\/\/blogsaverroes.juntadeandalucia.es\/plurilinguismodelegacionmalaga\/files\/2022\/12\/CEIP-Atenea-6.jpg\" alt=\"\" width=\"317\" height=\"238\" srcset=\"https:\/\/blogsaverroes.juntadeandalucia.es\/plurilinguismodelegacionmalaga\/files\/2022\/12\/CEIP-Atenea-6.jpg 1600w, https:\/\/blogsaverroes.juntadeandalucia.es\/plurilinguismodelegacionmalaga\/files\/2022\/12\/CEIP-Atenea-6-300x225.jpg 300w, https:\/\/blogsaverroes.juntadeandalucia.es\/plurilinguismodelegacionmalaga\/files\/2022\/12\/CEIP-Atenea-6-1024x768.jpg 1024w, https:\/\/blogsaverroes.juntadeandalucia.es\/plurilinguismodelegacionmalaga\/files\/2022\/12\/CEIP-Atenea-6-768x576.jpg 768w, https:\/\/blogsaverroes.juntadeandalucia.es\/plurilinguismodelegacionmalaga\/files\/2022\/12\/CEIP-Atenea-6-1536x1152.jpg 1536w\" sizes=\"(max-width: 317px) 100vw, 317px\" \/><\/span><\/p>\n<p align=\"justify\"><span style=\"font-size: 12pt\"><span style=\"font-family: Arial, serif\">El <\/span><span style=\"font-family: Arial, serif\"><i>CEIP Atenea<\/i><\/span><span style=\"font-family: Arial, serif\"> en Torremolinos ha sido sede de la tercera movilidad del proyecto Erasmus + KA229 <\/span><span style=\"font-family: Arial, serif\"><i>Young Scientists Discover the World <\/i><\/span><span style=\"font-family: Arial, serif\">en la semana del 17 al 21 de octubre. Las actividades han fomentado los h\u00e1bitos saludables realizando una yincana en la playa y un taller de zumba. Adem\u00e1s se ha fomentado los experimentos de f\u00edsica y qu\u00edmica en el taller de Carlos Dur\u00e1n y la visita a Principia.<\/span><\/span><\/p>\n<p style=\"padding-left: 80px\" align=\"justify\"><span style=\"font-size: 12pt\"><img loading=\"lazy\" decoding=\"async\" class=\"wp-image-10064 aligncenter\" src=\"https:\/\/blogsaverroes.juntadeandalucia.es\/plurilinguismodelegacionmalaga\/files\/2022\/12\/CEIP-Atenea-10.jpg\" alt=\"\" width=\"342\" height=\"257\" srcset=\"https:\/\/blogsaverroes.juntadeandalucia.es\/plurilinguismodelegacionmalaga\/files\/2022\/12\/CEIP-Atenea-10.jpg 1600w, https:\/\/blogsaverroes.juntadeandalucia.es\/plurilinguismodelegacionmalaga\/files\/2022\/12\/CEIP-Atenea-10-300x225.jpg 300w, https:\/\/blogsaverroes.juntadeandalucia.es\/plurilinguismodelegacionmalaga\/files\/2022\/12\/CEIP-Atenea-10-1024x768.jpg 1024w, https:\/\/blogsaverroes.juntadeandalucia.es\/plurilinguismodelegacionmalaga\/files\/2022\/12\/CEIP-Atenea-10-768x576.jpg 768w, https:\/\/blogsaverroes.juntadeandalucia.es\/plurilinguismodelegacionmalaga\/files\/2022\/12\/CEIP-Atenea-10-1536x1152.jpg 1536w\" sizes=\"(max-width: 342px) 100vw, 342px\" \/><br \/>\n<img loading=\"lazy\" decoding=\"async\" class=\"wp-image-10065 aligncenter\" src=\"https:\/\/blogsaverroes.juntadeandalucia.es\/plurilinguismodelegacionmalaga\/files\/2022\/12\/CEIP-Atenea-9.jpg\" alt=\"\" width=\"343\" height=\"193\" srcset=\"https:\/\/blogsaverroes.juntadeandalucia.es\/plurilinguismodelegacionmalaga\/files\/2022\/12\/CEIP-Atenea-9.jpg 1348w, https:\/\/blogsaverroes.juntadeandalucia.es\/plurilinguismodelegacionmalaga\/files\/2022\/12\/CEIP-Atenea-9-300x169.jpg 300w, https:\/\/blogsaverroes.juntadeandalucia.es\/plurilinguismodelegacionmalaga\/files\/2022\/12\/CEIP-Atenea-9-1024x576.jpg 1024w, https:\/\/blogsaverroes.juntadeandalucia.es\/plurilinguismodelegacionmalaga\/files\/2022\/12\/CEIP-Atenea-9-768x432.jpg 768w\" sizes=\"(max-width: 343px) 100vw, 343px\" \/><\/span><\/p>\n<p style=\"padding-left: 80px;text-align: center\" align=\"justify\"><span style=\"font-size: 12pt\"><img loading=\"lazy\" decoding=\"async\" class=\"wp-image-10066\" src=\"https:\/\/blogsaverroes.juntadeandalucia.es\/plurilinguismodelegacionmalaga\/files\/2022\/12\/CEIP-Atenea-8.jpg\" alt=\"\" width=\"339\" height=\"254\" srcset=\"https:\/\/blogsaverroes.juntadeandalucia.es\/plurilinguismodelegacionmalaga\/files\/2022\/12\/CEIP-Atenea-8.jpg 920w, https:\/\/blogsaverroes.juntadeandalucia.es\/plurilinguismodelegacionmalaga\/files\/2022\/12\/CEIP-Atenea-8-300x225.jpg 300w, https:\/\/blogsaverroes.juntadeandalucia.es\/plurilinguismodelegacionmalaga\/files\/2022\/12\/CEIP-Atenea-8-768x576.jpg 768w\" sizes=\"(max-width: 339px) 100vw, 339px\" \/><img loading=\"lazy\" decoding=\"async\" class=\"wp-image-10078 aligncenter\" src=\"https:\/\/blogsaverroes.juntadeandalucia.es\/plurilinguismodelegacionmalaga\/files\/2022\/12\/CEIP-Atenea-11.jpg\" alt=\"\" width=\"330\" height=\"248\" srcset=\"https:\/\/blogsaverroes.juntadeandalucia.es\/plurilinguismodelegacionmalaga\/files\/2022\/12\/CEIP-Atenea-11.jpg 1348w, https:\/\/blogsaverroes.juntadeandalucia.es\/plurilinguismodelegacionmalaga\/files\/2022\/12\/CEIP-Atenea-11-300x225.jpg 300w, https:\/\/blogsaverroes.juntadeandalucia.es\/plurilinguismodelegacionmalaga\/files\/2022\/12\/CEIP-Atenea-11-1024x768.jpg 1024w, https:\/\/blogsaverroes.juntadeandalucia.es\/plurilinguismodelegacionmalaga\/files\/2022\/12\/CEIP-Atenea-11-768x576.jpg 768w\" sizes=\"(max-width: 330px) 100vw, 330px\" \/><\/span><\/p>\n<p style=\"text-align: left\" align=\"justify\"><span style=\"font-family: Arial, serif;font-size: 12pt\">La cuarta movilidad se ha realizado en N\u00e1poles en la semana del 14 al 18 de noviembre. La participaci\u00f3n en distintos talleres sobre la vida y obra de Leonardo da Vinci, un taller de cocina regional y visita a Pompeya han sido algunas de las actividades realizadas por dos profesoras y seis alumnos del CEIP Atenea.<\/span><\/p>\n<p style=\"text-align: left;padding-left: 80px\" align=\"justify\"><span style=\"font-size: 12pt\"><img loading=\"lazy\" decoding=\"async\" class=\"wp-image-10074 aligncenter\" src=\"https:\/\/blogsaverroes.juntadeandalucia.es\/plurilinguismodelegacionmalaga\/files\/2022\/12\/CEIP-Atenea-15.jpg\" alt=\"\" width=\"307\" height=\"230\" srcset=\"https:\/\/blogsaverroes.juntadeandalucia.es\/plurilinguismodelegacionmalaga\/files\/2022\/12\/CEIP-Atenea-15.jpg 1024w, https:\/\/blogsaverroes.juntadeandalucia.es\/plurilinguismodelegacionmalaga\/files\/2022\/12\/CEIP-Atenea-15-300x225.jpg 300w, https:\/\/blogsaverroes.juntadeandalucia.es\/plurilinguismodelegacionmalaga\/files\/2022\/12\/CEIP-Atenea-15-768x576.jpg 768w\" sizes=\"(max-width: 307px) 100vw, 307px\" \/> &nbsp;<\/span><span style=\"font-size: 12pt\"><img loading=\"lazy\" decoding=\"async\" class=\"wp-image-10075 aligncenter\" src=\"https:\/\/blogsaverroes.juntadeandalucia.es\/plurilinguismodelegacionmalaga\/files\/2022\/12\/CEIP-Atenea-14.jpg\" alt=\"\" width=\"315\" height=\"236\" srcset=\"https:\/\/blogsaverroes.juntadeandalucia.es\/plurilinguismodelegacionmalaga\/files\/2022\/12\/CEIP-Atenea-14.jpg 1024w, https:\/\/blogsaverroes.juntadeandalucia.es\/plurilinguismodelegacionmalaga\/files\/2022\/12\/CEIP-Atenea-14-300x225.jpg 300w, https:\/\/blogsaverroes.juntadeandalucia.es\/plurilinguismodelegacionmalaga\/files\/2022\/12\/CEIP-Atenea-14-768x576.jpg 768w\" sizes=\"(max-width: 315px) 100vw, 315px\" \/><\/span><\/p>\n<p style=\"text-align: left\" align=\"justify\"><span style=\"font-size: 12pt\"><span style=\"font-family: Arial, serif\">Los alumnos han mejorado algunas competencias acad\u00e9micas y ling\u00fc\u00edsticas, adem\u00e1s de sus habilidades personales, sociales y de inteligencia emocional, como el trabajo en equipo, motivaci\u00f3n, convivencia, comunicaci\u00f3n, resoluci\u00f3n de problemas y de empat\u00eda.<\/span>&nbsp;<\/span><\/p>\n<p align=\"justify\">&nbsp;<\/p>\n<p align=\"justify\"><span style=\"font-size: 12pt\"><span style=\"font-family: Arial, serif\"><img loading=\"lazy\" decoding=\"async\" class=\"alignnone wp-image-10082\" src=\"https:\/\/blogsaverroes.juntadeandalucia.es\/plurilinguismodelegacionmalaga\/files\/2022\/12\/eTwinning.png\" alt=\"\" width=\"178\" height=\"71\" srcset=\"https:\/\/blogsaverroes.juntadeandalucia.es\/plurilinguismodelegacionmalaga\/files\/2022\/12\/eTwinning.png 356w, https:\/\/blogsaverroes.juntadeandalucia.es\/plurilinguismodelegacionmalaga\/files\/2022\/12\/eTwinning-300x120.png 300w\" sizes=\"(max-width: 178px) 100vw, 178px\" \/> <img loading=\"lazy\" decoding=\"async\" class=\"wp-image-10083 alignright\" src=\"https:\/\/blogsaverroes.juntadeandalucia.es\/plurilinguismodelegacionmalaga\/files\/2022\/12\/cofounded-by-Erasmus-EU.png\" alt=\"\" width=\"220\" height=\"73\" srcset=\"https:\/\/blogsaverroes.juntadeandalucia.es\/plurilinguismodelegacionmalaga\/files\/2022\/12\/cofounded-by-Erasmus-EU.png 511w, https:\/\/blogsaverroes.juntadeandalucia.es\/plurilinguismodelegacionmalaga\/files\/2022\/12\/cofounded-by-Erasmus-EU-300x100.png 300w\" sizes=\"(max-width: 220px) 100vw, 220px\" \/> <\/span><\/span><\/p>\n<p align=\"justify\">&nbsp;<\/p>\n<p align=\"justify\"><span style=\"font-size: 12pt\"><span style=\"font-family: Arial, serif\"><img loading=\"lazy\" decoding=\"async\" class=\" wp-image-10084 aligncenter\" src=\"https:\/\/blogsaverroes.juntadeandalucia.es\/plurilinguismodelegacionmalaga\/files\/2022\/12\/Erasmus.jpg\" alt=\"\" width=\"261\" height=\"100\" srcset=\"https:\/\/blogsaverroes.juntadeandalucia.es\/plurilinguismodelegacionmalaga\/files\/2022\/12\/Erasmus.jpg 370w, https:\/\/blogsaverroes.juntadeandalucia.es\/plurilinguismodelegacionmalaga\/files\/2022\/12\/Erasmus-300x115.jpg 300w\" sizes=\"(max-width: 261px) 100vw, 261px\" \/><\/span><\/span><\/p>\n","protected":false},"excerpt":{"rendered":"<p>El CEIP Atenea de Torremolinos ha desarrollado un proyecto Erasmus + KA229 titulado Young Scientists discover the World cuya p\u00e1gina web se puede consultar en este enlace: https:\/\/sp9poland.wixsite.com\/scientists El proyecto est\u00e1 financiado por la&#46;&#46;&#46;<\/p>\n","protected":false},"author":8062,"featured_media":10076,"comment_status":"open","ping_status":"open","sticky":false,"template":"","format":"standard","meta":{"ngg_post_thumbnail":0,"footnotes":""},"categories":[21040],"tags":[],"aioseo_notices":[],"_links":{"self":[{"href":"https:\/\/blogsaverroes.juntadeandalucia.es\/plurilinguismodelegacionmalaga\/wp-json\/wp\/v2\/posts\/10063"}],"collection":[{"href":"https:\/\/blogsaverroes.juntadeandalucia.es\/plurilinguismodelegacionmalaga\/wp-json\/wp\/v2\/posts"}],"about":[{"href":"https:\/\/blogsaverroes.juntadeandalucia.es\/plurilinguismodelegacionmalaga\/wp-json\/wp\/v2\/types\/post"}],"author":[{"embeddable":true,"href":"https:\/\/blogsaverroes.juntadeandalucia.es\/plurilinguismodelegacionmalaga\/wp-json\/wp\/v2\/users\/8062"}],"replies":[{"embeddable":true,"href":"https:\/\/blogsaverroes.juntadeandalucia.es\/plurilinguismodelegacionmalaga\/wp-json\/wp\/v2\/comments?post=10063"}],"version-history":[{"count":8,"href":"https:\/\/blogsaverroes.juntadeandalucia.es\/plurilinguismodelegacionmalaga\/wp-json\/wp\/v2\/posts\/10063\/revisions"}],"predecessor-version":[{"id":10134,"href":"https:\/\/blogsaverroes.juntadeandalucia.es\/plurilinguismodelegacionmalaga\/wp-json\/wp\/v2\/posts\/10063\/revisions\/10134"}],"wp:featuredmedia":[{"embeddable":true,"href":"https:\/\/blogsaverroes.juntadeandalucia.es\/plurilinguismodelegacionmalaga\/wp-json\/wp\/v2\/media\/10076"}],"wp:attachment":[{"href":"https:\/\/blogsaverroes.juntadeandalucia.es\/plurilinguismodelegacionmalaga\/wp-json\/wp\/v2\/media?parent=10063"}],"wp:term":[{"taxonomy":"category","embeddable":true,"href":"https:\/\/blogsaverroes.juntadeandalucia.es\/plurilinguismodelegacionmalaga\/wp-json\/wp\/v2\/categories?post=10063"},{"taxonomy":"post_tag","embeddable":true,"href":"https:\/\/blogsaverroes.juntadeandalucia.es\/plurilinguismodelegacionmalaga\/wp-json\/wp\/v2\/tags?post=10063"}],"curies":[{"name":"wp","href":"https:\/\/api.w.org\/{rel}","templated":true}]}}