{"id":10155,"date":"2023-01-25T13:52:37","date_gmt":"2023-01-25T12:52:37","guid":{"rendered":"https:\/\/blogsaverroes.juntadeandalucia.es\/plurilinguismodelegacionmalaga\/?p=10155"},"modified":"2023-01-25T13:52:37","modified_gmt":"2023-01-25T12:52:37","slug":"concurso-escolar-europass-2023","status":"publish","type":"post","link":"https:\/\/blogsaverroes.juntadeandalucia.es\/plurilinguismodelegacionmalaga\/2023\/01\/25\/concurso-escolar-europass-2023\/","title":{"rendered":"Concurso Escolar Europass 2023"},"content":{"rendered":"<p style=\"text-align: center\"><a href=\"http:\/\/www.sepie.es\/iniciativas\/europass\/que-es-europass.html\"><img loading=\"lazy\" decoding=\"async\" class=\"alignnone  wp-image-10156\" src=\"https:\/\/blogsaverroes.juntadeandalucia.es\/plurilinguismodelegacionmalaga\/files\/2023\/01\/logo-Europass.jpg\" alt=\"\" width=\"464\" height=\"99\" srcset=\"https:\/\/blogsaverroes.juntadeandalucia.es\/plurilinguismodelegacionmalaga\/files\/2023\/01\/logo-Europass.jpg 914w, https:\/\/blogsaverroes.juntadeandalucia.es\/plurilinguismodelegacionmalaga\/files\/2023\/01\/logo-Europass-300x64.jpg 300w, https:\/\/blogsaverroes.juntadeandalucia.es\/plurilinguismodelegacionmalaga\/files\/2023\/01\/logo-Europass-768x164.jpg 768w\" sizes=\"(max-width: 464px) 100vw, 464px\" \/><\/a>&nbsp;<\/p>\n<p>En l\u00ednea con la celebraci\u00f3n del <strong>A\u00f1o Europeo de la Capacidades<\/strong>, el Centro Nacional Europass en Espa\u00f1a ha puesto en marcha la nueva edici\u00f3n del <strong>Concurso Escolar 2023<\/strong>:<strong> \u201cDemuestra tus capacidades con Europass\u201d \/ \u201cShowcase your skills with Europass\u201d. <\/strong><\/p>\n<p>El concurso va dirigido a <strong>estudiantes, de cualquier modalidad educativa, de entre 14 y 18 a\u00f1os de edad<\/strong>.<\/p>\n<p>En el siguiente enlace podr\u00e1n acceder a las <em>Bases del concurso<\/em> y a los <em>Anexos<\/em> correspondientes: <a href=\"http:\/\/sepie.es\/iniciativas\/europass\/concursos.html\"> http:\/\/sepie.es\/iniciativas\/europass\/concursos.html<\/a><\/p>\n<p>El plazo de participaci\u00f3n <strong>finaliza el 27 de febrero.<\/strong><\/p>\n","protected":false},"excerpt":{"rendered":"<p>&nbsp; En l\u00ednea con la celebraci\u00f3n del A\u00f1o Europeo de la Capacidades, el Centro Nacional Europass en Espa\u00f1a ha puesto en marcha la nueva edici\u00f3n del Concurso Escolar 2023: \u201cDemuestra tus capacidades con Europass\u201d&#46;&#46;&#46;<\/p>\n","protected":false},"author":8062,"featured_media":10157,"comment_status":"open","ping_status":"open","sticky":false,"template":"","format":"standard","meta":{"ngg_post_thumbnail":0,"footnotes":""},"categories":[21040],"tags":[],"aioseo_notices":[],"_links":{"self":[{"href":"https:\/\/blogsaverroes.juntadeandalucia.es\/plurilinguismodelegacionmalaga\/wp-json\/wp\/v2\/posts\/10155"}],"collection":[{"href":"https:\/\/blogsaverroes.juntadeandalucia.es\/plurilinguismodelegacionmalaga\/wp-json\/wp\/v2\/posts"}],"about":[{"href":"https:\/\/blogsaverroes.juntadeandalucia.es\/plurilinguismodelegacionmalaga\/wp-json\/wp\/v2\/types\/post"}],"author":[{"embeddable":true,"href":"https:\/\/blogsaverroes.juntadeandalucia.es\/plurilinguismodelegacionmalaga\/wp-json\/wp\/v2\/users\/8062"}],"replies":[{"embeddable":true,"href":"https:\/\/blogsaverroes.juntadeandalucia.es\/plurilinguismodelegacionmalaga\/wp-json\/wp\/v2\/comments?post=10155"}],"version-history":[{"count":1,"href":"https:\/\/blogsaverroes.juntadeandalucia.es\/plurilinguismodelegacionmalaga\/wp-json\/wp\/v2\/posts\/10155\/revisions"}],"predecessor-version":[{"id":10158,"href":"https:\/\/blogsaverroes.juntadeandalucia.es\/plurilinguismodelegacionmalaga\/wp-json\/wp\/v2\/posts\/10155\/revisions\/10158"}],"wp:featuredmedia":[{"embeddable":true,"href":"https:\/\/blogsaverroes.juntadeandalucia.es\/plurilinguismodelegacionmalaga\/wp-json\/wp\/v2\/media\/10157"}],"wp:attachment":[{"href":"https:\/\/blogsaverroes.juntadeandalucia.es\/plurilinguismodelegacionmalaga\/wp-json\/wp\/v2\/media?parent=10155"}],"wp:term":[{"taxonomy":"category","embeddable":true,"href":"https:\/\/blogsaverroes.juntadeandalucia.es\/plurilinguismodelegacionmalaga\/wp-json\/wp\/v2\/categories?post=10155"},{"taxonomy":"post_tag","embeddable":true,"href":"https:\/\/blogsaverroes.juntadeandalucia.es\/plurilinguismodelegacionmalaga\/wp-json\/wp\/v2\/tags?post=10155"}],"curies":[{"name":"wp","href":"https:\/\/api.w.org\/{rel}","templated":true}]}}