{"id":10159,"date":"2023-02-02T12:48:25","date_gmt":"2023-02-02T11:48:25","guid":{"rendered":"https:\/\/blogsaverroes.juntadeandalucia.es\/plurilinguismodelegacionmalaga\/?p=10159"},"modified":"2023-02-02T12:48:25","modified_gmt":"2023-02-02T11:48:25","slug":"curso-de-formacion-examinadores-delf-marzo-2023","status":"publish","type":"post","link":"https:\/\/blogsaverroes.juntadeandalucia.es\/plurilinguismodelegacionmalaga\/2023\/02\/02\/curso-de-formacion-examinadores-delf-marzo-2023\/","title":{"rendered":"Curso de formaci\u00f3n examinadores DELF Marzo 2023"},"content":{"rendered":"<p>Convocado un segundo curso de formaci\u00f3n para la habilitaci\u00f3n de examinadores oficiales de las pruebas DELF.<\/p>\n<p>La matricula del curso podr\u00e1 realizarse hasta el d\u00eda 23 de febrero de 2023.<\/p>\n<p>Toda&nbsp; la informaci\u00f3n sobre el curso as\u00ed como calendario y ficha de inscripci\u00f3n en este <span style=\"font-size: 14pt\"><a href=\"https:\/\/www.juntadeandalucia.es\/educacion\/portals\/delegate\/content\/48dcd7fd-57e5-4781-b021-d3eeb603f0fd\/DELF%20marzo%2023\">documento adjunto<\/a>.<\/span><\/p>\n","protected":false},"excerpt":{"rendered":"<p>Convocado un segundo curso de formaci\u00f3n para la habilitaci\u00f3n de examinadores oficiales de las pruebas DELF. La matricula del curso podr\u00e1 realizarse hasta el d\u00eda 23 de febrero de 2023. Toda&nbsp; la informaci\u00f3n sobre&#46;&#46;&#46;<\/p>\n","protected":false},"author":8062,"featured_media":10149,"comment_status":"open","ping_status":"open","sticky":false,"template":"","format":"standard","meta":{"ngg_post_thumbnail":0,"footnotes":""},"categories":[5],"tags":[],"aioseo_notices":[],"_links":{"self":[{"href":"https:\/\/blogsaverroes.juntadeandalucia.es\/plurilinguismodelegacionmalaga\/wp-json\/wp\/v2\/posts\/10159"}],"collection":[{"href":"https:\/\/blogsaverroes.juntadeandalucia.es\/plurilinguismodelegacionmalaga\/wp-json\/wp\/v2\/posts"}],"about":[{"href":"https:\/\/blogsaverroes.juntadeandalucia.es\/plurilinguismodelegacionmalaga\/wp-json\/wp\/v2\/types\/post"}],"author":[{"embeddable":true,"href":"https:\/\/blogsaverroes.juntadeandalucia.es\/plurilinguismodelegacionmalaga\/wp-json\/wp\/v2\/users\/8062"}],"replies":[{"embeddable":true,"href":"https:\/\/blogsaverroes.juntadeandalucia.es\/plurilinguismodelegacionmalaga\/wp-json\/wp\/v2\/comments?post=10159"}],"version-history":[{"count":1,"href":"https:\/\/blogsaverroes.juntadeandalucia.es\/plurilinguismodelegacionmalaga\/wp-json\/wp\/v2\/posts\/10159\/revisions"}],"predecessor-version":[{"id":10160,"href":"https:\/\/blogsaverroes.juntadeandalucia.es\/plurilinguismodelegacionmalaga\/wp-json\/wp\/v2\/posts\/10159\/revisions\/10160"}],"wp:featuredmedia":[{"embeddable":true,"href":"https:\/\/blogsaverroes.juntadeandalucia.es\/plurilinguismodelegacionmalaga\/wp-json\/wp\/v2\/media\/10149"}],"wp:attachment":[{"href":"https:\/\/blogsaverroes.juntadeandalucia.es\/plurilinguismodelegacionmalaga\/wp-json\/wp\/v2\/media?parent=10159"}],"wp:term":[{"taxonomy":"category","embeddable":true,"href":"https:\/\/blogsaverroes.juntadeandalucia.es\/plurilinguismodelegacionmalaga\/wp-json\/wp\/v2\/categories?post=10159"},{"taxonomy":"post_tag","embeddable":true,"href":"https:\/\/blogsaverroes.juntadeandalucia.es\/plurilinguismodelegacionmalaga\/wp-json\/wp\/v2\/tags?post=10159"}],"curies":[{"name":"wp","href":"https:\/\/api.w.org\/{rel}","templated":true}]}}