{"id":10281,"date":"2023-03-20T08:39:33","date_gmt":"2023-03-20T07:39:33","guid":{"rendered":"https:\/\/blogsaverroes.juntadeandalucia.es\/plurilinguismodelegacionmalaga\/?p=10281"},"modified":"2023-03-20T08:39:33","modified_gmt":"2023-03-20T07:39:33","slug":"convocadas-pruebas-de-certificacion-en-las-ensenanzas-de-idiomas-de-regimen-especial-para-2022-2023","status":"publish","type":"post","link":"https:\/\/blogsaverroes.juntadeandalucia.es\/plurilinguismodelegacionmalaga\/2023\/03\/20\/convocadas-pruebas-de-certificacion-en-las-ensenanzas-de-idiomas-de-regimen-especial-para-2022-2023\/","title":{"rendered":"Convocadas pruebas de certificaci\u00f3n en las ense\u00f1anzas de idiomas de r\u00e9gimen especial para 2022\/2023"},"content":{"rendered":"<p style=\"text-align: left;padding-left: 160px\"><a href=\"https:\/\/juntadeandalucia.es\/eboja\/2023\/53\/BOJA23-053-00022-5009-01_00280060.pdf\"><strong><span style=\"font-size: 14pt\">Resoluci\u00f3n de 13 de marzo de 2023, de la Direcci\u00f3n General de Ordenaci\u00f3n,<\/span><\/strong><\/a><br \/>\n<strong><span style=\"font-size: 14pt\">Inclusi\u00f3n, Participaci\u00f3n y Evaluaci\u00f3n Educativa, por la que se convocan las<\/span><\/strong><br \/>\n<strong><span style=\"font-size: 14pt\">pruebas de certificaci\u00f3n en las ense\u00f1anzas de idiomas de r\u00e9gimen especial<\/span><\/strong><br \/>\n<strong><span style=\"font-size: 14pt\">para el curso 2022\/2023 y se establecen determinados aspectos sobre su<\/span><\/strong><br \/>\n<strong><span style=\"font-size: 14pt\">organizaci\u00f3n.<\/span><\/strong><\/p>\n","protected":false},"excerpt":{"rendered":"<p>Resoluci\u00f3n de 13 de marzo de 2023, de la Direcci\u00f3n General de Ordenaci\u00f3n, Inclusi\u00f3n, Participaci\u00f3n y Evaluaci\u00f3n Educativa, por la que se convocan las pruebas de certificaci\u00f3n en las ense\u00f1anzas de idiomas de r\u00e9gimen&#46;&#46;&#46;<\/p>\n","protected":false},"author":8062,"featured_media":10205,"comment_status":"open","ping_status":"open","sticky":false,"template":"","format":"standard","meta":{"ngg_post_thumbnail":0,"footnotes":""},"categories":[2137174],"tags":[],"aioseo_notices":[],"_links":{"self":[{"href":"https:\/\/blogsaverroes.juntadeandalucia.es\/plurilinguismodelegacionmalaga\/wp-json\/wp\/v2\/posts\/10281"}],"collection":[{"href":"https:\/\/blogsaverroes.juntadeandalucia.es\/plurilinguismodelegacionmalaga\/wp-json\/wp\/v2\/posts"}],"about":[{"href":"https:\/\/blogsaverroes.juntadeandalucia.es\/plurilinguismodelegacionmalaga\/wp-json\/wp\/v2\/types\/post"}],"author":[{"embeddable":true,"href":"https:\/\/blogsaverroes.juntadeandalucia.es\/plurilinguismodelegacionmalaga\/wp-json\/wp\/v2\/users\/8062"}],"replies":[{"embeddable":true,"href":"https:\/\/blogsaverroes.juntadeandalucia.es\/plurilinguismodelegacionmalaga\/wp-json\/wp\/v2\/comments?post=10281"}],"version-history":[{"count":1,"href":"https:\/\/blogsaverroes.juntadeandalucia.es\/plurilinguismodelegacionmalaga\/wp-json\/wp\/v2\/posts\/10281\/revisions"}],"predecessor-version":[{"id":10282,"href":"https:\/\/blogsaverroes.juntadeandalucia.es\/plurilinguismodelegacionmalaga\/wp-json\/wp\/v2\/posts\/10281\/revisions\/10282"}],"wp:featuredmedia":[{"embeddable":true,"href":"https:\/\/blogsaverroes.juntadeandalucia.es\/plurilinguismodelegacionmalaga\/wp-json\/wp\/v2\/media\/10205"}],"wp:attachment":[{"href":"https:\/\/blogsaverroes.juntadeandalucia.es\/plurilinguismodelegacionmalaga\/wp-json\/wp\/v2\/media?parent=10281"}],"wp:term":[{"taxonomy":"category","embeddable":true,"href":"https:\/\/blogsaverroes.juntadeandalucia.es\/plurilinguismodelegacionmalaga\/wp-json\/wp\/v2\/categories?post=10281"},{"taxonomy":"post_tag","embeddable":true,"href":"https:\/\/blogsaverroes.juntadeandalucia.es\/plurilinguismodelegacionmalaga\/wp-json\/wp\/v2\/tags?post=10281"}],"curies":[{"name":"wp","href":"https:\/\/api.w.org\/{rel}","templated":true}]}}