{"id":10447,"date":"2023-05-30T15:33:30","date_gmt":"2023-05-30T13:33:30","guid":{"rendered":"https:\/\/blogsaverroes.juntadeandalucia.es\/plurilinguismodelegacionmalaga\/?p=10447"},"modified":"2023-05-30T15:33:30","modified_gmt":"2023-05-30T13:33:30","slug":"hasta-el-1-de-junio-abierta-convocatoria-para-solicitar-ser-escuela-embajadora-del-parlamento-europeo","status":"publish","type":"post","link":"https:\/\/blogsaverroes.juntadeandalucia.es\/plurilinguismodelegacionmalaga\/2023\/05\/30\/hasta-el-1-de-junio-abierta-convocatoria-para-solicitar-ser-escuela-embajadora-del-parlamento-europeo\/","title":{"rendered":"Hasta el 1 de junio abierta convocatoria para solicitar ser Escuela Embajadora del Parlamento Europeo"},"content":{"rendered":"<p><a href=\"https:\/\/escuelasembajadoras.eu\/\"><strong>Escuelas Embajadoras del Parlamento Europeo<\/strong><\/a>&nbsp;es un proyecto que tiene por objeto estimular el conocimiento de Europa y de la democracia parlamentaria europea entre los j\u00f3venes, proporcion\u00e1ndoles un conocimiento activo de la Uni\u00f3n Europea y del Parlamento Europeo en particular.<\/p>\n<p>La <span class=\"css-901oao css-16my406 r-poiln3 r-bcqeeo\n        r-qvutc0\">convocatoria para solicitar ser Escuela Embajadoras del Parlamento Europeo <\/span><span class=\"css-901oao\n        css-16my406 r-poiln3 r-bcqeeo r-qvutc0\">est\u00e1 abierta hasta el 1 de junio-<\/span><\/p>\n<p>Toda la informaci\u00f3n en el siguiente enlace: <span style=\"font-size: 14pt\"><a href=\"https:\/\/escuelasembajadoras.eu\/\">https:\/\/escuelasembajadoras.eu\/<\/a><\/span><\/p>\n","protected":false},"excerpt":{"rendered":"<p>Escuelas Embajadoras del Parlamento Europeo&nbsp;es un proyecto que tiene por objeto estimular el conocimiento de Europa y de la democracia parlamentaria europea entre los j\u00f3venes, proporcion\u00e1ndoles un conocimiento activo de la Uni\u00f3n Europea y&#46;&#46;&#46;<\/p>\n","protected":false},"author":8062,"featured_media":10448,"comment_status":"open","ping_status":"open","sticky":false,"template":"","format":"standard","meta":{"ngg_post_thumbnail":0,"footnotes":""},"categories":[5],"tags":[],"aioseo_notices":[],"_links":{"self":[{"href":"https:\/\/blogsaverroes.juntadeandalucia.es\/plurilinguismodelegacionmalaga\/wp-json\/wp\/v2\/posts\/10447"}],"collection":[{"href":"https:\/\/blogsaverroes.juntadeandalucia.es\/plurilinguismodelegacionmalaga\/wp-json\/wp\/v2\/posts"}],"about":[{"href":"https:\/\/blogsaverroes.juntadeandalucia.es\/plurilinguismodelegacionmalaga\/wp-json\/wp\/v2\/types\/post"}],"author":[{"embeddable":true,"href":"https:\/\/blogsaverroes.juntadeandalucia.es\/plurilinguismodelegacionmalaga\/wp-json\/wp\/v2\/users\/8062"}],"replies":[{"embeddable":true,"href":"https:\/\/blogsaverroes.juntadeandalucia.es\/plurilinguismodelegacionmalaga\/wp-json\/wp\/v2\/comments?post=10447"}],"version-history":[{"count":1,"href":"https:\/\/blogsaverroes.juntadeandalucia.es\/plurilinguismodelegacionmalaga\/wp-json\/wp\/v2\/posts\/10447\/revisions"}],"predecessor-version":[{"id":10449,"href":"https:\/\/blogsaverroes.juntadeandalucia.es\/plurilinguismodelegacionmalaga\/wp-json\/wp\/v2\/posts\/10447\/revisions\/10449"}],"wp:featuredmedia":[{"embeddable":true,"href":"https:\/\/blogsaverroes.juntadeandalucia.es\/plurilinguismodelegacionmalaga\/wp-json\/wp\/v2\/media\/10448"}],"wp:attachment":[{"href":"https:\/\/blogsaverroes.juntadeandalucia.es\/plurilinguismodelegacionmalaga\/wp-json\/wp\/v2\/media?parent=10447"}],"wp:term":[{"taxonomy":"category","embeddable":true,"href":"https:\/\/blogsaverroes.juntadeandalucia.es\/plurilinguismodelegacionmalaga\/wp-json\/wp\/v2\/categories?post=10447"},{"taxonomy":"post_tag","embeddable":true,"href":"https:\/\/blogsaverroes.juntadeandalucia.es\/plurilinguismodelegacionmalaga\/wp-json\/wp\/v2\/tags?post=10447"}],"curies":[{"name":"wp","href":"https:\/\/api.w.org\/{rel}","templated":true}]}}