{"id":10489,"date":"2023-07-07T18:03:47","date_gmt":"2023-07-07T16:03:47","guid":{"rendered":"https:\/\/blogsaverroes.juntadeandalucia.es\/plurilinguismodelegacionmalaga\/?p=10489"},"modified":"2023-07-07T18:03:47","modified_gmt":"2023-07-07T16:03:47","slug":"publicada-la-resolucion-de-concesion-de-los-intercambios-escolares-para-el-curso-2022-2023","status":"publish","type":"post","link":"https:\/\/blogsaverroes.juntadeandalucia.es\/plurilinguismodelegacionmalaga\/2023\/07\/07\/publicada-la-resolucion-de-concesion-de-los-intercambios-escolares-para-el-curso-2022-2023\/","title":{"rendered":"Publicada la Resoluci\u00f3n de concesi\u00f3n de los Intercambios Escolares para el curso 2022\/2023"},"content":{"rendered":"<p><a href=\"https:\/\/www.juntadeandalucia.es\/educacion\/portals\/web\/ced\/novedades\/-\/contenidos\/detalle\/resolucion-de-4-de-julio-de-2023-de-la-direccion-general-de-tecnologias-avanzadas-y-transformacion-educativa-de\"><strong>RESOLUCI\u00d3N DE LA DIRECCI\u00d3N GENERAL DE TECNOLOG\u00cdAS AVANZADAS Y TRANSFORMACI\u00d3N EDUCATIVA DE 4 DE JULIO DE 2023 POR LA QUE SE PUBLICA LA CONCESI\u00d3N DEL PROGRAMA DE INTERCAMBIOS ESCOLARES DE LOS INSTITUTOS DE ENSE\u00d1ANZA SECUNDARIA DEPENDIENTES DE LA JUNTA DE ANDALUC\u00cdA CON CENTROS EDUCATIVOS DE PA\u00cdSES DE HABLA ALEMANA, CHINA (MANDAR\u00cdN), FRANCESA, INGLESA, ITALIANA Y PORTUGUESA PARA EL CURSO 2023\/2024<\/strong><\/a><\/p>\n<p>&nbsp;<\/p>\n<p>&nbsp;<\/p>\n","protected":false},"excerpt":{"rendered":"<p>RESOLUCI\u00d3N DE LA DIRECCI\u00d3N GENERAL DE TECNOLOG\u00cdAS AVANZADAS Y TRANSFORMACI\u00d3N EDUCATIVA DE 4 DE JULIO DE 2023 POR LA QUE SE PUBLICA LA CONCESI\u00d3N DEL PROGRAMA DE INTERCAMBIOS ESCOLARES DE LOS INSTITUTOS DE ENSE\u00d1ANZA&#46;&#46;&#46;<\/p>\n","protected":false},"author":8062,"featured_media":10379,"comment_status":"open","ping_status":"open","sticky":false,"template":"","format":"standard","meta":{"ngg_post_thumbnail":0,"footnotes":""},"categories":[1174746],"tags":[],"aioseo_notices":[],"_links":{"self":[{"href":"https:\/\/blogsaverroes.juntadeandalucia.es\/plurilinguismodelegacionmalaga\/wp-json\/wp\/v2\/posts\/10489"}],"collection":[{"href":"https:\/\/blogsaverroes.juntadeandalucia.es\/plurilinguismodelegacionmalaga\/wp-json\/wp\/v2\/posts"}],"about":[{"href":"https:\/\/blogsaverroes.juntadeandalucia.es\/plurilinguismodelegacionmalaga\/wp-json\/wp\/v2\/types\/post"}],"author":[{"embeddable":true,"href":"https:\/\/blogsaverroes.juntadeandalucia.es\/plurilinguismodelegacionmalaga\/wp-json\/wp\/v2\/users\/8062"}],"replies":[{"embeddable":true,"href":"https:\/\/blogsaverroes.juntadeandalucia.es\/plurilinguismodelegacionmalaga\/wp-json\/wp\/v2\/comments?post=10489"}],"version-history":[{"count":1,"href":"https:\/\/blogsaverroes.juntadeandalucia.es\/plurilinguismodelegacionmalaga\/wp-json\/wp\/v2\/posts\/10489\/revisions"}],"predecessor-version":[{"id":10490,"href":"https:\/\/blogsaverroes.juntadeandalucia.es\/plurilinguismodelegacionmalaga\/wp-json\/wp\/v2\/posts\/10489\/revisions\/10490"}],"wp:featuredmedia":[{"embeddable":true,"href":"https:\/\/blogsaverroes.juntadeandalucia.es\/plurilinguismodelegacionmalaga\/wp-json\/wp\/v2\/media\/10379"}],"wp:attachment":[{"href":"https:\/\/blogsaverroes.juntadeandalucia.es\/plurilinguismodelegacionmalaga\/wp-json\/wp\/v2\/media?parent=10489"}],"wp:term":[{"taxonomy":"category","embeddable":true,"href":"https:\/\/blogsaverroes.juntadeandalucia.es\/plurilinguismodelegacionmalaga\/wp-json\/wp\/v2\/categories?post=10489"},{"taxonomy":"post_tag","embeddable":true,"href":"https:\/\/blogsaverroes.juntadeandalucia.es\/plurilinguismodelegacionmalaga\/wp-json\/wp\/v2\/tags?post=10489"}],"curies":[{"name":"wp","href":"https:\/\/api.w.org\/{rel}","templated":true}]}}